{"id":20486,"date":"2024-10-14T16:45:20","date_gmt":"2024-10-14T16:45:20","guid":{"rendered":"http:\/\/staging.ibermusicas.org\/?p=20486"},"modified":"2024-12-04T14:48:59","modified_gmt":"2024-12-04T14:48:59","slug":"la-agrupacion-colombiana-frente-cumbiero-lleva-su-gira-tropicanibal-a-mexico","status":"publish","type":"post","link":"http:\/\/staging.ibermusicas.org\/index.php\/la-agrupacion-colombiana-frente-cumbiero-lleva-su-gira-tropicanibal-a-mexico\/","title":{"rendered":"La agrupaci\u00f3n colombiana Frente Cumbiero lleva su gira Tropican\u00edbal a M\u00e9xico"},"content":{"rendered":"<p>Con una larga y exitosa carrera Frente Cumbiero se ha convertido en uno de los mayores abanderados en la exploraci\u00f3n sonora de la cumbia Latinoamericana. Comandado por el compositor y productor colombiano Mario Galeano Toro (tambi\u00e9n co-fundador de las agrupaciones Ondatr\u00f3pica y Los Pira\u00f1as), Frente Cumbiero es reconocido como una punta de lanza para el movimiento de la nueva cumbia a nivel global.<\/p>\n<p>&nbsp;<\/p>\n<p>Desde la aparici\u00f3n de Frente Cumbiero Meets Mad Professor (2011) la banda ha comandado un movimiento de redescubrimiento musical que encuentra en la historia discogr\u00e1fica colombiana su principal fuente de inspiraci\u00f3n.<\/p>\n<p>&nbsp;<\/p>\n<p>Entre sus presentaciones en vivo destacadas est\u00e1n las del Museo de Arte Moderno de NYC (2011), Festival Est\u00e9reo Picnic (2011), Roskilde Festival (2011), Womad (2014), Fuji Rock (2018) y giras a lo largo de Am\u00e9rica Latina, \u00c1frica, Europa, Estados Unidos, Rusia, Australia, Nueva Zelanda y Jap\u00f3n. A esto se suman lanzamientos en vinilo de 33 y 45 RPM con sellos discogr\u00e1ficos en Colombia, M\u00e9xico, Espa\u00f1a, Jap\u00f3n y Reino Unido.<\/p>\n<p>&nbsp;<\/p>\n<p>El cat\u00e1logo del Frente Cumbiero se complementa con importantes colaboraciones con m\u00fasicos legendarios como Mad Professor (2011), el Kronos Quartet (2017) y Minyo Crusaders (2020), a trav\u00e9s de las cuales el proyecto ha probado que est\u00e1 encaminado a expandir las fronteras de la cumbia y la m\u00fasica latina m\u00e1s all\u00e1 de la fiesta y hacia la reflexi\u00f3n social, pol\u00edtica e identitaria.<\/p>\n<p>&nbsp;<\/p>\n<p>En 2020, Frente Cumbiero lanz\u00f3 dos producciones: el EP colaborativo Minyo Cumbiero: de Tokio a Bogot\u00e1 bajo el sello brit\u00e1nico Mais Um y el Japon\u00e9s P-Vine, y su segundo LP Cera Perdida en alianza con los sellos Biche (Colombia), La Roma Records (M\u00e9xico) y Okra (Jap\u00f3n).<\/p>\n<p>&nbsp;<\/p>\n<p>En la \u00faltima d\u00e9cada, Frente Cumbiero se ha consolidado como uno de los m\u00e1s emblem\u00e1ticos portadores de la antorcha de la nueva cumbia en Latinoam\u00e9rica. Encabezado por el productor y compositor Mario Galeano Toro (Ondatr\u00f3pica, Los Pira\u00f1as), el grupo se ha posicionado a la vanguardia de un movimiento que ha penetrado en todo el mundo.<\/p>\n<p>&nbsp;<\/p>\n<p>Para promocionar este lanzamiento, la banda realizar\u00e1 la gira por M\u00e9xico &#8216;A bailar el Teremin\u00e9&#8217;, destacando la profunda conexi\u00f3n cultural entre Colombia y Monterrey. Este intercambio va m\u00e1s all\u00e1 de la m\u00fasica, uniendo tradiciones e historias de ambas regiones a trav\u00e9s de la cumbia y los sonidos contempor\u00e1neos.<\/p>\n<p>&nbsp;<\/p>\n<p>Colombia y Monterrey han compartido una rica relaci\u00f3n cultural en la \u00faltima d\u00e9cada, con Monterrey emergiendo como un epicentro para la m\u00fasica tropical y la cumbia en M\u00e9xico. La gira busca estrechar esos lazos, mostrando c\u00f3mo la cumbia, un g\u00e9nero nacido en Colombia, ha encontrado un hogar vibrante en Monterrey, donde ha sido reinterpretada y reimaginada por las nuevas generaciones. En este contexto, Frente Cumbiero simboliza un puente entre ambos pa\u00edses, combinando la tradici\u00f3n colombiana con la vitalidad creativa de M\u00e9xico.<\/p>\n<p>&nbsp;<\/p>\n<p>Frente Cumbiero se presentar\u00e1 en M\u00e9xico gracias al apoyo del Programa Iberm\u00fasicas mediante sus Ayudas a la Circulaci\u00f3n, convocatoria 2023.<\/p>\n<ul>\n<li>25 de octubre \u2013 Auditorio Tonal, CDMX, M\u00e9xico<\/li>\n<li>26 de octubre \u2013 Festival Internacional de Puebla, Puebla, M\u00e9xico<\/li>\n<li>27 de octubre \u2013 Nodriza Estudio, Monterrey, M\u00e9xico<\/li>\n<li>29 de octubre \u2013 Charla con Frente Cumbiero y Sabotaje Media, M\u00e9xico<\/li>\n<\/ul>\n","protected":false},"excerpt":{"rendered":"<p>Con una larga y exitosa carrera Frente Cumbiero se ha convertido en uno de los mayores abanderados en la exploraci\u00f3n sonora de la cumbia Latinoamericana. Comandado por el compositor y productor colombiano Mario Galeano Toro (tambi\u00e9n co-fundador de las agrupaciones Ondatr\u00f3pica y Los Pira\u00f1as), Frente Cumbiero es reconocido como una punta de lanza para el [&hellip;]<\/p>\n","protected":false},"author":7,"featured_media":20487,"comment_status":"closed","ping_status":"closed","sticky":false,"template":"","format":"standard","meta":{"footnotes":""},"categories":[53],"tags":[],"class_list":["post-20486","post","type-post","status-publish","format-standard","has-post-thumbnail","hentry","category-noticias-generales"],"lang":"es","translations":{"es":20486,"pt":20489},"pll_sync_post":[],"post_mailing_queue_ids":[],"_links":{"self":[{"href":"http:\/\/staging.ibermusicas.org\/index.php\/wp-json\/wp\/v2\/posts\/20486","targetHints":{"allow":["GET"]}}],"collection":[{"href":"http:\/\/staging.ibermusicas.org\/index.php\/wp-json\/wp\/v2\/posts"}],"about":[{"href":"http:\/\/staging.ibermusicas.org\/index.php\/wp-json\/wp\/v2\/types\/post"}],"author":[{"embeddable":true,"href":"http:\/\/staging.ibermusicas.org\/index.php\/wp-json\/wp\/v2\/users\/7"}],"replies":[{"embeddable":true,"href":"http:\/\/staging.ibermusicas.org\/index.php\/wp-json\/wp\/v2\/comments?post=20486"}],"version-history":[{"count":1,"href":"http:\/\/staging.ibermusicas.org\/index.php\/wp-json\/wp\/v2\/posts\/20486\/revisions"}],"predecessor-version":[{"id":20488,"href":"http:\/\/staging.ibermusicas.org\/index.php\/wp-json\/wp\/v2\/posts\/20486\/revisions\/20488"}],"wp:featuredmedia":[{"embeddable":true,"href":"http:\/\/staging.ibermusicas.org\/index.php\/wp-json\/wp\/v2\/media\/20487"}],"wp:attachment":[{"href":"http:\/\/staging.ibermusicas.org\/index.php\/wp-json\/wp\/v2\/media?parent=20486"}],"wp:term":[{"taxonomy":"category","embeddable":true,"href":"http:\/\/staging.ibermusicas.org\/index.php\/wp-json\/wp\/v2\/categories?post=20486"},{"taxonomy":"post_tag","embeddable":true,"href":"http:\/\/staging.ibermusicas.org\/index.php\/wp-json\/wp\/v2\/tags?post=20486"}],"curies":[{"name":"wp","href":"https:\/\/api.w.org\/{rel}","templated":true}]}}