{"id":20489,"date":"2024-10-14T16:46:50","date_gmt":"2024-10-14T16:46:50","guid":{"rendered":"http:\/\/staging.ibermusicas.org\/?p=20489"},"modified":"2024-12-04T14:42:47","modified_gmt":"2024-12-04T14:42:47","slug":"a-banda-colombiana-frente-cumbiero-traz-sua-turne-tropicanibal-ao-mexico","status":"publish","type":"post","link":"http:\/\/staging.ibermusicas.org\/index.php\/a-banda-colombiana-frente-cumbiero-traz-sua-turne-tropicanibal-ao-mexico\/","title":{"rendered":"A banda colombiana Frente Cumbiero traz sua turn\u00ea Tropican\u00edbal ao M\u00e9xico"},"content":{"rendered":"<p>Com uma carreira longa e bem-sucedida, o Frente Cumbiero tornou-se um dos principais porta-estandartes da explora\u00e7\u00e3o sonora da cumbia latino-americana. Liderada pelo compositor e produtor colombiano Mario Galeano Toro (tamb\u00e9m cofundador dos grupos Ondatr\u00f3pica e Los Pira\u00f1as), o Frente Cumbiero \u00e9 reconhecido como a ponta de lan\u00e7a do novo movimento da cumbia em n\u00edvel global.<\/p>\n<p>&nbsp;<\/p>\n<p>Desde o lan\u00e7amento de Frente Cumbiero Meets Mad Professor (2011), a banda tem liderado um movimento de redescoberta musical que encontra sua principal fonte de inspira\u00e7\u00e3o na hist\u00f3ria da grava\u00e7\u00e3o colombiana.<\/p>\n<p>&nbsp;<\/p>\n<p>Entre suas excelentes apresenta\u00e7\u00f5es ao vivo est\u00e3o as do Museu de Arte Moderna de Nova York (2011), Festival Est\u00e9reo Picnic (2011), Roskilde Festival (2011), Womad (2014), Fuji Rock (2018) e turn\u00eas pela Am\u00e9rica Latina, \u00c1frica, Europa, Estados Unidos, R\u00fassia, Austr\u00e1lia, Nova Zel\u00e2ndia e Jap\u00e3o. Al\u00e9m disso, h\u00e1 lan\u00e7amentos em vinil de 33 e 45 RPM com gravadoras da Col\u00f4mbia, M\u00e9xico, Espanha, Jap\u00e3o e Reino Unido.<\/p>\n<p>&nbsp;<\/p>\n<p>O cat\u00e1logo da Frente Cumbiero \u00e9 complementado por importantes colabora\u00e7\u00f5es com m\u00fasicos lend\u00e1rios, como Mad Professor (2011), Kronos Quartet (2017) e Minyo Crusaders (2020), por meio das quais o projeto provou que tem como objetivo expandir as fronteiras da cumbia e da m\u00fasica latina para al\u00e9m da festa e em dire\u00e7\u00e3o \u00e0 reflex\u00e3o social, pol\u00edtica e de identidade.<\/p>\n<p>&nbsp;<\/p>\n<p>Em 2020, a Frente Cumbiero lan\u00e7ou duas produ\u00e7\u00f5es: o EP colaborativo Minyo Cumbiero: from Tokyo to Bogot\u00e1 com o selo brit\u00e2nico Mais Um e o japon\u00eas P-Vine, e seu segundo LP Cera Perdida em alian\u00e7a com os selos Biche (Col\u00f4mbia), La Roma Records (M\u00e9xico) e Okra (Jap\u00e3o).<\/p>\n<p>&nbsp;<\/p>\n<p>Na \u00faltima d\u00e9cada, o Frente Cumbiero se estabeleceu como um dos portadores de tochas mais emblem\u00e1ticos da nova cumbia na Am\u00e9rica Latina. Liderado pelo produtor e compositor Mario Galeano Toro (Ondatr\u00f3pica, Los Pira\u00f1as), o grupo se posicionou na vanguarda de um movimento que penetrou no mundo todo.<\/p>\n<p>&nbsp;<\/p>\n<p>Para promover esse lan\u00e7amento, a banda far\u00e1 uma turn\u00ea no M\u00e9xico \u201cA bailar el Teremin\u00e9\u201d&#8217;, destacando a profunda conex\u00e3o cultural entre a Col\u00f4mbia e Monterrey. Esse interc\u00e2mbio vai al\u00e9m da m\u00fasica, unindo tradi\u00e7\u00f5es e hist\u00f3rias de ambas as regi\u00f5es por meio da cumbia e de sons contempor\u00e2neos.<\/p>\n<p>&nbsp;<\/p>\n<p>A Col\u00f4mbia e Monterrey t\u00eam compartilhado uma rica rela\u00e7\u00e3o cultural na \u00faltima d\u00e9cada, com Monterrey emergindo como um epicentro da m\u00fasica tropical e da cumbia no M\u00e9xico. A turn\u00ea busca fortalecer esses la\u00e7os, mostrando como a cumbia, um g\u00eanero nascido na Col\u00f4mbia, encontrou um lar vibrante em Monterrey, onde foi reinterpretada e reimaginada pelas novas gera\u00e7\u00f5es. Nesse contexto, o Frente Cumbiero simboliza uma ponte entre os dois pa\u00edses, combinando a tradi\u00e7\u00e3o colombiana com a vitalidade criativa do M\u00e9xico.<\/p>\n<p>&nbsp;<\/p>\n<p>O Frente Cumbiero se apresentar\u00e1 no M\u00e9xico gra\u00e7as ao apoio do Programa Iberm\u00fasicas por meio de suas Ajudas \u00e0 Circula\u00e7\u00e3o, chamada 2023.<\/p>\n<p>&nbsp;<\/p>\n<ul>\n<li>25 de outubro \u2013 Auditorio Tonal, CDMX, M\u00e9xico<\/li>\n<li>26 de outubro \u2013 Festival Internacional de Puebla, Puebla, M\u00e9xico<\/li>\n<li>27 de outubro \u2013 Nodriza Estudio, Monterrey, M\u00e9xico<\/li>\n<li>29 de outubro \u2013 Bate-papo com Frente Cumbiero e Sabotaje Media, M\u00e9xico<\/li>\n<\/ul>\n","protected":false},"excerpt":{"rendered":"<p>Com uma carreira longa e bem-sucedida, o Frente Cumbiero tornou-se um dos principais porta-estandartes da explora\u00e7\u00e3o sonora da cumbia latino-americana. Liderada pelo compositor e produtor colombiano Mario Galeano Toro (tamb\u00e9m cofundador dos grupos Ondatr\u00f3pica e Los Pira\u00f1as), o Frente Cumbiero \u00e9 reconhecido como a ponta de lan\u00e7a do novo movimento da cumbia em n\u00edvel global. [&hellip;]<\/p>\n","protected":false},"author":7,"featured_media":20487,"comment_status":"closed","ping_status":"closed","sticky":false,"template":"","format":"standard","meta":{"footnotes":""},"categories":[218],"tags":[],"class_list":["post-20489","post","type-post","status-publish","format-standard","has-post-thumbnail","hentry","category-noticias-generales-pt"],"lang":"pt","translations":{"pt":20489,"es":20486},"pll_sync_post":[],"post_mailing_queue_ids":[],"_links":{"self":[{"href":"http:\/\/staging.ibermusicas.org\/index.php\/wp-json\/wp\/v2\/posts\/20489","targetHints":{"allow":["GET"]}}],"collection":[{"href":"http:\/\/staging.ibermusicas.org\/index.php\/wp-json\/wp\/v2\/posts"}],"about":[{"href":"http:\/\/staging.ibermusicas.org\/index.php\/wp-json\/wp\/v2\/types\/post"}],"author":[{"embeddable":true,"href":"http:\/\/staging.ibermusicas.org\/index.php\/wp-json\/wp\/v2\/users\/7"}],"replies":[{"embeddable":true,"href":"http:\/\/staging.ibermusicas.org\/index.php\/wp-json\/wp\/v2\/comments?post=20489"}],"version-history":[{"count":1,"href":"http:\/\/staging.ibermusicas.org\/index.php\/wp-json\/wp\/v2\/posts\/20489\/revisions"}],"predecessor-version":[{"id":20490,"href":"http:\/\/staging.ibermusicas.org\/index.php\/wp-json\/wp\/v2\/posts\/20489\/revisions\/20490"}],"wp:featuredmedia":[{"embeddable":true,"href":"http:\/\/staging.ibermusicas.org\/index.php\/wp-json\/wp\/v2\/media\/20487"}],"wp:attachment":[{"href":"http:\/\/staging.ibermusicas.org\/index.php\/wp-json\/wp\/v2\/media?parent=20489"}],"wp:term":[{"taxonomy":"category","embeddable":true,"href":"http:\/\/staging.ibermusicas.org\/index.php\/wp-json\/wp\/v2\/categories?post=20489"},{"taxonomy":"post_tag","embeddable":true,"href":"http:\/\/staging.ibermusicas.org\/index.php\/wp-json\/wp\/v2\/tags?post=20489"}],"curies":[{"name":"wp","href":"https:\/\/api.w.org\/{rel}","templated":true}]}}