{"id":20493,"date":"2024-10-14T16:50:57","date_gmt":"2024-10-14T16:50:57","guid":{"rendered":"http:\/\/staging.ibermusicas.org\/?p=20493"},"modified":"2024-12-04T14:49:05","modified_gmt":"2024-12-04T14:49:05","slug":"otto-ballaben-de-venezuela-y-eduardo-sempe-de-argentina-seran-parte-del-bimepro-en-bilbao","status":"publish","type":"post","link":"http:\/\/staging.ibermusicas.org\/index.php\/otto-ballaben-de-venezuela-y-eduardo-sempe-de-argentina-seran-parte-del-bimepro-en-bilbao\/","title":{"rendered":"Otto Ballaben de Venezuela y Eduardo Semp\u00e9 de Argentina ser\u00e1n parte del BIMEPro en Bilbao"},"content":{"rendered":"<p>BIME regresar\u00e1 a Bilbao con una agenda llena de preguntas clave sobre el estado actual de la industria musical global. Profesionales y artistas de la talla de Scott Cohen, Alexandra Lioutikoff, Albert Pla, Maria Jos\u00e9 Llergo, Toni Segarra, Tamsy McLarty, Elijah, o Fermin Muguruza, formar\u00e1n parte de la programaci\u00f3n de BIME Pro.<\/p>\n<p>&nbsp;<\/p>\n<p>Tras su exitoso paso por Bogot\u00e1 la pasada primavera, BIME regresa a la capital vizca\u00edna, transformando la ciudad en el foro donde trazar, de forma conjunta, el mapa que gu\u00ede el siguiente cap\u00edtulo de la m\u00fasica.<\/p>\n<p>&nbsp;<\/p>\n<p>En esta nueva edici\u00f3n de BIME, el hilo conductor ser\u00e1 \u00abTerritorios\u00bb, un concepto que permitir\u00e1 explorar las oportunidades y desaf\u00edos de la industria musical en un contexto de \u00abglocalizaci\u00f3n\u00bb.<\/p>\n<p>&nbsp;<\/p>\n<p>En respuesta a los cambios impulsados por la inteligencia artificial, el ticketing y la distribuci\u00f3n digital, BIME fomentar\u00e1 un di\u00e1logo profundo sobre la diversidad musical, las colaboraciones internacionales y la preservaci\u00f3n de tradiciones. Adem\u00e1s, se abordar\u00e1n aspectos cr\u00edticos como el emprendimiento, el crecimiento personal, los desaf\u00edos legales, y las tendencias en torno a la m\u00fasica en directo y la m\u00fasica grabada, todos esenciales en un momento decisivo para la evoluci\u00f3n del sector.<\/p>\n<p>&nbsp;<\/p>\n<p>Dentro de las novedades de esta edici\u00f3n se encuentran los nuevos reconocimientos a la industria musical, \u201cReconocimientos AUPA!\u201d, que se celebrar\u00e1n el d\u00eda 31 de octubre jueves en Euskalduna Bilbao. Un evento aglutinador y representativo en el que reconocer p\u00fablicamente a los diferentes agentes por su contribuci\u00f3n al avance de la industria musical mediante proyectos innovadores, arriesgados y creativos, que supongan un avance colectivo para la industria musical en su conjunto. Tambi\u00e9n contar\u00e1 con la primera edici\u00f3n de BIME Luthier Show y con la XXII Feria Internacional del Disco, que se integrar\u00e1 dentro de la programaci\u00f3n de BIME.<\/p>\n<p>&nbsp;<\/p>\n<p>BIME contar\u00e1 con delegaciones profesionales e instituciones de diferentes pa\u00edses como Alemania, Argentina, Canad\u00e1, Chile, Colombia, Francia, Hungr\u00eda, Pa\u00edses Bajos o Portugal, que se reencontrar\u00e1n para seguir generando nuevas oportunidades de negocio a ambos lados del Atl\u00e1ntico.<\/p>\n<p>&nbsp;<\/p>\n<p>Otto Ballaben y Eduardo Semp\u00e9 ser\u00e1n parte del BIMEPro de Bilbao gracias al apoyo del Programa Iberm\u00fasicas mediante sus Ayudas a la Programaci\u00f3n, convocatoria 2023.<\/p>\n<p>&nbsp;<\/p>\n<ul>\n<li>Del 29 de octubre al 1 de noviembre en Euskalduna Bilbao, Espa\u00f1a<\/li>\n<\/ul>\n","protected":false},"excerpt":{"rendered":"<p>BIME regresar\u00e1 a Bilbao con una agenda llena de preguntas clave sobre el estado actual de la industria musical global. Profesionales y artistas de la talla de Scott Cohen, Alexandra Lioutikoff, Albert Pla, Maria Jos\u00e9 Llergo, Toni Segarra, Tamsy McLarty, Elijah, o Fermin Muguruza, formar\u00e1n parte de la programaci\u00f3n de BIME Pro. &nbsp; Tras su [&hellip;]<\/p>\n","protected":false},"author":7,"featured_media":20494,"comment_status":"closed","ping_status":"closed","sticky":false,"template":"","format":"standard","meta":{"footnotes":""},"categories":[53],"tags":[],"class_list":["post-20493","post","type-post","status-publish","format-standard","has-post-thumbnail","hentry","category-noticias-generales"],"lang":"es","translations":{"es":20493,"pt":20496},"pll_sync_post":[],"post_mailing_queue_ids":[],"_links":{"self":[{"href":"http:\/\/staging.ibermusicas.org\/index.php\/wp-json\/wp\/v2\/posts\/20493","targetHints":{"allow":["GET"]}}],"collection":[{"href":"http:\/\/staging.ibermusicas.org\/index.php\/wp-json\/wp\/v2\/posts"}],"about":[{"href":"http:\/\/staging.ibermusicas.org\/index.php\/wp-json\/wp\/v2\/types\/post"}],"author":[{"embeddable":true,"href":"http:\/\/staging.ibermusicas.org\/index.php\/wp-json\/wp\/v2\/users\/7"}],"replies":[{"embeddable":true,"href":"http:\/\/staging.ibermusicas.org\/index.php\/wp-json\/wp\/v2\/comments?post=20493"}],"version-history":[{"count":1,"href":"http:\/\/staging.ibermusicas.org\/index.php\/wp-json\/wp\/v2\/posts\/20493\/revisions"}],"predecessor-version":[{"id":20495,"href":"http:\/\/staging.ibermusicas.org\/index.php\/wp-json\/wp\/v2\/posts\/20493\/revisions\/20495"}],"wp:featuredmedia":[{"embeddable":true,"href":"http:\/\/staging.ibermusicas.org\/index.php\/wp-json\/wp\/v2\/media\/20494"}],"wp:attachment":[{"href":"http:\/\/staging.ibermusicas.org\/index.php\/wp-json\/wp\/v2\/media?parent=20493"}],"wp:term":[{"taxonomy":"category","embeddable":true,"href":"http:\/\/staging.ibermusicas.org\/index.php\/wp-json\/wp\/v2\/categories?post=20493"},{"taxonomy":"post_tag","embeddable":true,"href":"http:\/\/staging.ibermusicas.org\/index.php\/wp-json\/wp\/v2\/tags?post=20493"}],"curies":[{"name":"wp","href":"https:\/\/api.w.org\/{rel}","templated":true}]}}