{"id":20496,"date":"2024-10-14T16:54:16","date_gmt":"2024-10-14T16:54:16","guid":{"rendered":"http:\/\/staging.ibermusicas.org\/?p=20496"},"modified":"2024-12-04T14:42:42","modified_gmt":"2024-12-04T14:42:42","slug":"otto-ballaben-da-venezuela-e-eduardo-sempe-da-argentina-farao-parte-do-bimepro-em-bilbao","status":"publish","type":"post","link":"http:\/\/staging.ibermusicas.org\/index.php\/otto-ballaben-da-venezuela-e-eduardo-sempe-da-argentina-farao-parte-do-bimepro-em-bilbao\/","title":{"rendered":"Otto Ballaben da Venezuela e Eduardo Semp\u00e9 da Argentina far\u00e3o parte do BIMEPro em Bilbao"},"content":{"rendered":"<p>O BIME retornar\u00e1 a Bilbao com uma agenda repleta de perguntas importantes sobre o estado atual do setor musical global. Profissionais e artistas do porte de Scott Cohen, Alexandra Lioutikoff, Albert Pla, Maria Jos\u00e9 Llergo, Toni Segarra, Tamsy McLarty, Elijah ou Fermin Muguruza far\u00e3o parte do programa BIME Pro.<\/p>\n<p>&nbsp;<\/p>\n<p>Depois de sua bem-sucedida visita a Bogot\u00e1 na primavera passada, o BIME retorna \u00e0 capital da Biscaia, transformando a cidade no f\u00f3rum onde o mapa que guiar\u00e1 o pr\u00f3ximo cap\u00edtulo da m\u00fasica poder\u00e1 ser tra\u00e7ado.<\/p>\n<p>&nbsp;<\/p>\n<p>Nesta nova edi\u00e7\u00e3o do BIME, o fio condutor ser\u00e1 \u201cTerrit\u00f3rios\u201d, um conceito que explora as oportunidades e os desafios do setor musical em um contexto de \u201cglocaliza\u00e7\u00e3o\u201d.<\/p>\n<p>&nbsp;<\/p>\n<p>Em resposta \u00e0s mudan\u00e7as impulsionadas pela intelig\u00eancia artificial, emiss\u00e3o de ingressos e distribui\u00e7\u00e3o digital, o BIME promover\u00e1 um di\u00e1logo aprofundado sobre diversidade musical, colabora\u00e7\u00f5es internacionais e preserva\u00e7\u00e3o de tradi\u00e7\u00f5es. Tamb\u00e9m abordar\u00e1 quest\u00f5es cr\u00edticas, como empreendedorismo, crescimento pessoal, desafios legais e tend\u00eancias em torno da m\u00fasica ao vivo e gravada, todas essenciais em um momento crucial para a evolu\u00e7\u00e3o do setor.<\/p>\n<p>&nbsp;<\/p>\n<p>Entre as novidades da edi\u00e7\u00e3o deste ano est\u00e3o os novos pr\u00eamios do setor musical, \u201cReconocimientos AUPA!\u201d, que ser\u00e3o realizados no dia 31 de outubro, quinta-feira, no Euskalduna Bilbao. Um evento unificador e representativo para reconhecer publicamente os diferentes agentes por sua contribui\u00e7\u00e3o para o avan\u00e7o do setor musical por meio de projetos inovadores, arriscados e criativos que representam um avan\u00e7o coletivo para o setor musical como um todo. O evento tamb\u00e9m contar\u00e1 com a primeira edi\u00e7\u00e3o do BIME Luthier Show e a 22\u00aa Feira Internacional do Disco, que ser\u00e3o integrados ao programa do BIME.<\/p>\n<p>&nbsp;<\/p>\n<p>A BIME contar\u00e1 com a presen\u00e7a de delega\u00e7\u00f5es profissionais e institui\u00e7\u00f5es de diferentes pa\u00edses, como Alemanha, Argentina, Canad\u00e1, Chile, Col\u00f4mbia, Fran\u00e7a, Hungria, Holanda e Portugal, que se reunir\u00e3o novamente para continuar gerando novas oportunidades de neg\u00f3cios em ambos os lados do Atl\u00e2ntico.<\/p>\n<p>&nbsp;<\/p>\n<p>Otto Ballaben e Eduardo Semp\u00e9 far\u00e3o parte do BIMEPro Bilbao gra\u00e7as ao apoio do Programa Iberm\u00fasicas por meio de suas Ajudas \u00e0 Programa\u00e7\u00e3o, chamada 2023.<\/p>\n<p>&nbsp;<\/p>\n<ul>\n<li>De 29 de outubro a 1\u00ba de novembro em Euskalduna Bilbao, Espanha<\/li>\n<\/ul>\n","protected":false},"excerpt":{"rendered":"<p>O BIME retornar\u00e1 a Bilbao com uma agenda repleta de perguntas importantes sobre o estado atual do setor musical global. Profissionais e artistas do porte de Scott Cohen, Alexandra Lioutikoff, Albert Pla, Maria Jos\u00e9 Llergo, Toni Segarra, Tamsy McLarty, Elijah ou Fermin Muguruza far\u00e3o parte do programa BIME Pro. &nbsp; Depois de sua bem-sucedida visita [&hellip;]<\/p>\n","protected":false},"author":7,"featured_media":20494,"comment_status":"closed","ping_status":"closed","sticky":false,"template":"","format":"standard","meta":{"footnotes":""},"categories":[218],"tags":[],"class_list":["post-20496","post","type-post","status-publish","format-standard","has-post-thumbnail","hentry","category-noticias-generales-pt"],"lang":"pt","translations":{"pt":20496,"es":20493},"pll_sync_post":[],"post_mailing_queue_ids":[],"_links":{"self":[{"href":"http:\/\/staging.ibermusicas.org\/index.php\/wp-json\/wp\/v2\/posts\/20496","targetHints":{"allow":["GET"]}}],"collection":[{"href":"http:\/\/staging.ibermusicas.org\/index.php\/wp-json\/wp\/v2\/posts"}],"about":[{"href":"http:\/\/staging.ibermusicas.org\/index.php\/wp-json\/wp\/v2\/types\/post"}],"author":[{"embeddable":true,"href":"http:\/\/staging.ibermusicas.org\/index.php\/wp-json\/wp\/v2\/users\/7"}],"replies":[{"embeddable":true,"href":"http:\/\/staging.ibermusicas.org\/index.php\/wp-json\/wp\/v2\/comments?post=20496"}],"version-history":[{"count":1,"href":"http:\/\/staging.ibermusicas.org\/index.php\/wp-json\/wp\/v2\/posts\/20496\/revisions"}],"predecessor-version":[{"id":20497,"href":"http:\/\/staging.ibermusicas.org\/index.php\/wp-json\/wp\/v2\/posts\/20496\/revisions\/20497"}],"wp:featuredmedia":[{"embeddable":true,"href":"http:\/\/staging.ibermusicas.org\/index.php\/wp-json\/wp\/v2\/media\/20494"}],"wp:attachment":[{"href":"http:\/\/staging.ibermusicas.org\/index.php\/wp-json\/wp\/v2\/media?parent=20496"}],"wp:term":[{"taxonomy":"category","embeddable":true,"href":"http:\/\/staging.ibermusicas.org\/index.php\/wp-json\/wp\/v2\/categories?post=20496"},{"taxonomy":"post_tag","embeddable":true,"href":"http:\/\/staging.ibermusicas.org\/index.php\/wp-json\/wp\/v2\/tags?post=20496"}],"curies":[{"name":"wp","href":"https:\/\/api.w.org\/{rel}","templated":true}]}}