{"id":20498,"date":"2024-10-14T18:10:41","date_gmt":"2024-10-14T18:10:41","guid":{"rendered":"http:\/\/staging.ibermusicas.org\/?p=20498"},"modified":"2024-10-14T18:15:35","modified_gmt":"2024-10-14T18:15:35","slug":"colombia-un-cartel-contemporaneo","status":"publish","type":"post","link":"http:\/\/staging.ibermusicas.org\/index.php\/colombia-un-cartel-contemporaneo\/","title":{"rendered":"Colombia un Cartel contempor\u00e1neo"},"content":{"rendered":"<p><b>T\u00edtulo del proyecto: <\/b><b>Colombia un Cartel contempor\u00e1neo<br \/>\n<\/b><b>Pa\u00eds: Colombia<br \/>\n<\/b><b>Nombre del artista\/agrupaci\u00f3n: Nova et Vetera<br \/>\n<\/b><b>L\u00ednea de convocatoria: Ayudas al sector musical para la circulaci\u00f3n en Iberoam\u00e9rica<br \/>\n<\/b><b>A\u00f1o de convocatoria: 2022<\/b><\/p>\n<p><span style=\"font-weight: 400;\">Nova et Vetera es una fundaci\u00f3n cultural independiente con base en Colombia, creada en 2012 y experta en curadur\u00eda de m\u00fasicas de vanguardia, y que asume diferentes funciones en el campo de las artes esc\u00e9nicas para la direcci\u00f3n art\u00edstica y la programaci\u00f3n de espect\u00e1culos contempor\u00e1neos. Con base en la alianza establecida entre Nova et Vetera y el Festival de M\u00fasica Estranha de S\u00e3o Paulo, adem\u00e1s de la ayuda provista por Iberm\u00fasicas, se llev\u00f3 a cabo, en diciembre de 2023, la tercera edici\u00f3n de la serie \u201cColombia, un cartel contempor\u00e1neo\u201d, esta vez con \u00e9nfasis en la producci\u00f3n musical del compositor colombiano Eblis \u00c1lvarez.<\/span><\/p>\n<p><span style=\"font-weight: 400;\">\u201cColombia un Cartel contempor\u00e1neo\u201d es un festival musical y un seminario de reflexi\u00f3n creado por el m\u00fasico y gestor cultural colombiano Santiago Gardeaz\u00e1bal en torno a la m\u00fasica colombiana y las distintas visiones y di\u00e1logos que \u00e9sta suscita con la realidad social, acad\u00e9mica y cultural del pa\u00eds. El evento supone un \u00e1mbito de discusi\u00f3n en torno a las culturas emergentes en el plano musical. Fue a prop\u00f3sito de \u201cColombia un Cartel contempor\u00e1neo\u201d que, junto a su curador, fueron invitados a participar en el \u201cM\u00fasica Estranha Festival\u201d (Brasil), a prop\u00f3sito de los festejos con motivo de su d\u00e9cimo aniversario.\u00a0<\/span><\/p>\n<p><img loading=\"lazy\" decoding=\"async\" class=\"size-full wp-image-20503 aligncenter\" src=\"http:\/\/staging.ibermusicas.org\/wp-content\/uploads\/2024\/10\/novaet31.jpg\" alt=\"\" width=\"697\" height=\"348\" \/><\/p>\n<p>&nbsp;<\/p>\n<p><span style=\"font-weight: 400;\">\u201cM\u00fasica Estranha\u201d se ha consolidado como una referencia para la escena de la m\u00fasica experimental, la m\u00fasica cl\u00e1sica contempor\u00e1nea, el arte sonoro y el multimedia en Brasil y Am\u00e9rica Latina, revelando una producci\u00f3n creativa a un p\u00fablico nuevo, diverso y conectado. Hoy en d\u00eda, se trata del festival m\u00e1s antiguo en el estado de S\u00e3o Paulo y uno de los pioneros en Am\u00e9rica Latina por su concepto curatorial basado en el post-g\u00e9nero.<\/span><\/p>\n<p><span style=\"font-weight: 400;\">La colaboraci\u00f3n y cercan\u00eda entre ambos festivales y sus curadores \u2014Thiago Cury, encargado de M\u00fasica Estranha, adem\u00e1s del ya mencionado Santiago Gardeaz\u00e1bal\u2014 es de larga data: la participaci\u00f3n de Gardeaz\u00e1bal en el escenario paulista, a prop\u00f3sito del panel \u201cCuradur\u00edas expandidas en Am\u00e9rica Latina 2021\u201d, hizo surgir la oportunidad de que \u201cColombia un Cartel contempor\u00e1neo\u201d curase un segmento de la d\u00e9cima edici\u00f3n de \u201cM\u00fasica Estranha\u201d. En este sentido, la propuesta supuso el intercambio art\u00edstico y cultural a partir de la obra del destacado m\u00fasico y compositor colombiano Eblis \u00c1lvarez, acompa\u00f1ado de los m\u00fasicos Natalia Merlano, Cesar Quevedo, Mario Galeano, Pedro Ojeda y Mateo Rivano. En un formato de micro-residencia en S\u00e3o Paulo, durante una semana, las obras y proyectos del compositor fueron reelaborados con artistas brasile\u00f1os de la escena musical experimental e indie \/ cl\u00e1sica de S\u00e3o Paulo durante el mes de junio de 2023. En palabras del propio Santiago Gardeaz\u00e1bal:<\/span><\/p>\n<p><i><span style=\"font-weight: 400;\">\u201cEl festival ha sido un espacio para compartir el \u00edmpetu creativo de los compositores colombianos y algunas de las propuestas sonoras m\u00e1s arriesgadas de nuestro pa\u00eds, pero tambi\u00e9n fue el momento de debatir y afrontar los retos de la afirmaci\u00f3n de una identidad colombiana innovadora de cara al futuro\u201d.<\/span><\/i><\/p>\n<p>&nbsp;<\/p>\n<p><img loading=\"lazy\" decoding=\"async\" class=\"size-full wp-image-20502 aligncenter\" src=\"http:\/\/staging.ibermusicas.org\/wp-content\/uploads\/2024\/10\/novaet11.jpg\" alt=\"\" width=\"600\" height=\"319\" \/><\/p>\n<p>&nbsp;<\/p>\n<p><span style=\"font-weight: 400;\">Para este tipo de colaboraciones, no ya entre artistas particulares, sino entre colectivos o festivales, resulta sumamente importante el aporte con que Iberm\u00fasicas puede colaborar para poder establecer lazos institucionales entre los pa\u00edses de Iberoam\u00e9rica.\u00a0<\/span><\/p>\n<p><i><span style=\"font-weight: 400;\">\u201c<\/span><\/i><i><span style=\"font-weight: 400;\">Gracias a este apoyo se fortalecen los lazos de cooperaci\u00f3n entre las agencias <\/span><\/i><span style=\"font-weight: 400;\">Aqua Musica<\/span> <span style=\"font-weight: 400;\">(Festival M\u00fasica Estranha)<\/span><i><span style=\"font-weight: 400;\"> y <\/span><\/i><span style=\"font-weight: 400;\">Nova et Vetera<\/span><i><span style=\"font-weight: 400;\">, as\u00ed como el intercambio entre m\u00fasicos colombianos y brasile\u00f1os y la interacci\u00f3n entre la producci\u00f3n musical colombiana y el p\u00fablico de S\u00e3o Paulo. Estas relaciones son de gran importancia porque permiten fortalecer los ecosistemas musicales locales y regionales. Proyectos musicales de todas las regiones se han visto beneficiados por el respaldo institucional y econ\u00f3mico de Iberm\u00fasicas,, con lo que ha crecido la experiencia internacional de muchas agrupaciones. Esta proyecci\u00f3n ha sido una motivaci\u00f3n para el quehacer creativo en el sentido que soporta interacciones positivas que repercuten de manera efectiva en el desarrollo art\u00edstico.\u201d<\/span><\/i><\/p>\n","protected":false},"excerpt":{"rendered":"<p>T\u00edtulo del proyecto: Colombia un Cartel contempor\u00e1neo Pa\u00eds: Colombia Nombre del artista\/agrupaci\u00f3n: Nova et Vetera L\u00ednea de convocatoria: Ayudas al sector musical para la circulaci\u00f3n en Iberoam\u00e9rica A\u00f1o de convocatoria: 2022 Nova et Vetera es una fundaci\u00f3n cultural independiente con base en Colombia, creada en 2012 y experta en curadur\u00eda de m\u00fasicas de vanguardia, y [&hellip;]<\/p>\n","protected":false},"author":7,"featured_media":20499,"comment_status":"closed","ping_status":"closed","sticky":false,"template":"","format":"standard","meta":{"footnotes":""},"categories":[56],"tags":[591,91,99],"class_list":["post-20498","post","type-post","status-publish","format-standard","has-post-thumbnail","hentry","category-experiencias","tag-591","tag-ayudas-a-la-movilidad-de-musicas-y-musicos","tag-colombia"],"lang":"es","translations":{"es":20498,"pt":20505},"pll_sync_post":[],"post_mailing_queue_ids":[],"_links":{"self":[{"href":"http:\/\/staging.ibermusicas.org\/index.php\/wp-json\/wp\/v2\/posts\/20498","targetHints":{"allow":["GET"]}}],"collection":[{"href":"http:\/\/staging.ibermusicas.org\/index.php\/wp-json\/wp\/v2\/posts"}],"about":[{"href":"http:\/\/staging.ibermusicas.org\/index.php\/wp-json\/wp\/v2\/types\/post"}],"author":[{"embeddable":true,"href":"http:\/\/staging.ibermusicas.org\/index.php\/wp-json\/wp\/v2\/users\/7"}],"replies":[{"embeddable":true,"href":"http:\/\/staging.ibermusicas.org\/index.php\/wp-json\/wp\/v2\/comments?post=20498"}],"version-history":[{"count":3,"href":"http:\/\/staging.ibermusicas.org\/index.php\/wp-json\/wp\/v2\/posts\/20498\/revisions"}],"predecessor-version":[{"id":20504,"href":"http:\/\/staging.ibermusicas.org\/index.php\/wp-json\/wp\/v2\/posts\/20498\/revisions\/20504"}],"wp:featuredmedia":[{"embeddable":true,"href":"http:\/\/staging.ibermusicas.org\/index.php\/wp-json\/wp\/v2\/media\/20499"}],"wp:attachment":[{"href":"http:\/\/staging.ibermusicas.org\/index.php\/wp-json\/wp\/v2\/media?parent=20498"}],"wp:term":[{"taxonomy":"category","embeddable":true,"href":"http:\/\/staging.ibermusicas.org\/index.php\/wp-json\/wp\/v2\/categories?post=20498"},{"taxonomy":"post_tag","embeddable":true,"href":"http:\/\/staging.ibermusicas.org\/index.php\/wp-json\/wp\/v2\/tags?post=20498"}],"curies":[{"name":"wp","href":"https:\/\/api.w.org\/{rel}","templated":true}]}}