{"id":20508,"date":"2024-10-15T16:34:46","date_gmt":"2024-10-15T16:34:46","guid":{"rendered":"http:\/\/staging.ibermusicas.org\/?p=20508"},"modified":"2024-10-30T17:40:28","modified_gmt":"2024-10-30T17:40:28","slug":"la-escuela-musica-y-negocios-de-brasil-lanza-su-programa-latin-music-business-y-ofrece-a-ibermusicas-30-becas-integrales-para-las-y-los-artistas-y-productores-iberoamericanos","status":"publish","type":"post","link":"http:\/\/staging.ibermusicas.org\/index.php\/la-escuela-musica-y-negocios-de-brasil-lanza-su-programa-latin-music-business-y-ofrece-a-ibermusicas-30-becas-integrales-para-las-y-los-artistas-y-productores-iberoamericanos\/","title":{"rendered":"La Escuela M\u00fasica y Negocios de Brasil lanza su programa \u201cLatin Music Business\u201d y ofrece a Iberm\u00fasicas 30 becas integrales para las y los artistas y productores iberoamericanos"},"content":{"rendered":"<p><span style=\"font-weight: 400;\">Con el objetivo de crear un mercado m\u00e1s inclusivo y diverso para la pluriculturalidad iberoamericana, la Escuela M\u00fasica y Negocios ofrece a Iberm\u00fasicas 30 becas integrales para mujeres, afrodescendientes, ind\u00edgenas, LGBTQIA+, inmigrantes o en condiciones socioecon\u00f3micas desfavorables.<\/span><\/p>\n<p><span style=\"font-weight: 400;\">En ocasi\u00f3n del pre-lanzamiento del curso, se realizar\u00e1 un seminario internacional, en el cual se debatir\u00e1 sobre el panorama actual del mercado musical latinoamericano: industria musical, cultura y pol\u00edticas p\u00fablicas. El seminario on-line es libre y graturio y contar\u00e1 con la participaci\u00f3n de\u00a0 Eulicia Esteves, actual presidenta de Iberm\u00fasicas, Maria Isabel de los R\u00edos, CEO de La Red Music Entertainment (en la cual ha trabajado con artistas como Romeo Santos, Don Omar, Ricardo Arjona, Sebasti\u00e1n Yatra, Julieta Venegas, Diego Torres, Noel Schajris, Aleks Syntek, entre otros), y la mediaci\u00f3n de Pablo Sol\u00eds, de la Instituci\u00f3n Conexiones Culturales de Latinoam\u00e9rica y Music Works International.<\/span><\/p>\n<p><span style=\"font-weight: 400;\">Las 30 becas est\u00e1n destinadas el curso \u201cLatin Music Business &#8211; M\u00fasica y Negocios en Am\u00e9rica Latina: Planificando tu carrera en la Industria Musical a nivel internacional\u201d, en el cual se aprender\u00e1 directamente con profesionales expertos en la Industria Musical que act\u00faan directamente en instituciones o empresas como: La Red Music Entertainment, Music Tour Brasil, Music Works International, Conexiones Culturales de Latinoam\u00e9rica, Creativa Abogados, tanto en las mainstream como en el sector independiente con foco en Am\u00e9rica Latina. El curso ofrece 40 horas de aprendizaje entre los meses de enero a marzo, clases 100% online, grabadas y disponibles para acceso. El certificado es concedido en conjunto con el Instituto G\u00e9nesis de la PUC-Rio (Pontif\u00edcia Universidad Cat\u00f3lica de Rio de Janeiro), garantizando una formaci\u00f3n reconocida y valorizada por las empresas del sector.<\/span><\/p>\n<p><span style=\"font-weight: 400;\">Adem\u00e1s, se brindar\u00e1 acceso a un grupo exclusivo de whatsapp para expandir la propia red de contactos, a fin de intercambiar ideas, experiencias con los profesores y colegas de diversas \u00e1reas del mercado musical con la idea de incentivar a los alumnos a construir conexiones y a prepararse para ingresar en el mercado o reinventarse dentro de \u00e9l.<\/span><\/p>\n<p><span style=\"font-weight: 400;\">Se puede participar del proceso selectivo de la beca, y ser parte de este crecimiento y expansi\u00f3n del mercado musical.<\/span><\/p>\n<p><span style=\"font-weight: 400;\">Martes 5 de noviembre, 20h<\/span><\/p>\n<p><span style=\"font-weight: 400;\">Enlace de inscripci\u00f3n para la beca: https:\/\/forms.gle\/mecReR348G27z8Sp6<\/span><\/p>\n<p><span style=\"font-weight: 400;\">M\u00e1s informaciones: <\/span><a href=\"mailto:contato@musicaenegocios.com\"><span style=\"font-weight: 400;\">contato@musicaenegocios.com<\/span><\/a><\/p>\n<p><span style=\"font-weight: 400;\">Instagram: @escolamusicaenegocios<\/span><\/p>\n","protected":false},"excerpt":{"rendered":"<p>Con el objetivo de crear un mercado m\u00e1s inclusivo y diverso para la pluriculturalidad iberoamericana, la Escuela M\u00fasica y Negocios ofrece a Iberm\u00fasicas 30 becas integrales para mujeres, afrodescendientes, ind\u00edgenas, LGBTQIA+, inmigrantes o en condiciones socioecon\u00f3micas desfavorables. En ocasi\u00f3n del pre-lanzamiento del curso, se realizar\u00e1 un seminario internacional, en el cual se debatir\u00e1 sobre el [&hellip;]<\/p>\n","protected":false},"author":7,"featured_media":20509,"comment_status":"closed","ping_status":"closed","sticky":false,"template":"","format":"standard","meta":{"footnotes":""},"categories":[53],"tags":[],"class_list":["post-20508","post","type-post","status-publish","format-standard","has-post-thumbnail","hentry","category-noticias-generales"],"lang":"es","translations":{"es":20508,"pt":20511},"pll_sync_post":[],"post_mailing_queue_ids":[],"_links":{"self":[{"href":"http:\/\/staging.ibermusicas.org\/index.php\/wp-json\/wp\/v2\/posts\/20508","targetHints":{"allow":["GET"]}}],"collection":[{"href":"http:\/\/staging.ibermusicas.org\/index.php\/wp-json\/wp\/v2\/posts"}],"about":[{"href":"http:\/\/staging.ibermusicas.org\/index.php\/wp-json\/wp\/v2\/types\/post"}],"author":[{"embeddable":true,"href":"http:\/\/staging.ibermusicas.org\/index.php\/wp-json\/wp\/v2\/users\/7"}],"replies":[{"embeddable":true,"href":"http:\/\/staging.ibermusicas.org\/index.php\/wp-json\/wp\/v2\/comments?post=20508"}],"version-history":[{"count":2,"href":"http:\/\/staging.ibermusicas.org\/index.php\/wp-json\/wp\/v2\/posts\/20508\/revisions"}],"predecessor-version":[{"id":20531,"href":"http:\/\/staging.ibermusicas.org\/index.php\/wp-json\/wp\/v2\/posts\/20508\/revisions\/20531"}],"wp:featuredmedia":[{"embeddable":true,"href":"http:\/\/staging.ibermusicas.org\/index.php\/wp-json\/wp\/v2\/media\/20509"}],"wp:attachment":[{"href":"http:\/\/staging.ibermusicas.org\/index.php\/wp-json\/wp\/v2\/media?parent=20508"}],"wp:term":[{"taxonomy":"category","embeddable":true,"href":"http:\/\/staging.ibermusicas.org\/index.php\/wp-json\/wp\/v2\/categories?post=20508"},{"taxonomy":"post_tag","embeddable":true,"href":"http:\/\/staging.ibermusicas.org\/index.php\/wp-json\/wp\/v2\/tags?post=20508"}],"curies":[{"name":"wp","href":"https:\/\/api.w.org\/{rel}","templated":true}]}}