{"id":20511,"date":"2024-10-15T16:36:06","date_gmt":"2024-10-15T16:36:06","guid":{"rendered":"http:\/\/staging.ibermusicas.org\/?p=20511"},"modified":"2024-10-30T17:40:21","modified_gmt":"2024-10-30T17:40:21","slug":"a-escola-musica-negocios-do-brasil-lanca-seu-programa-latin-music-business-e-oferece-ao-programa-ibermusicas-30-bolsas-de-estudo-integrais-para-artistas-e-produtores-ibero-american","status":"publish","type":"post","link":"http:\/\/staging.ibermusicas.org\/index.php\/a-escola-musica-negocios-do-brasil-lanca-seu-programa-latin-music-business-e-oferece-ao-programa-ibermusicas-30-bolsas-de-estudo-integrais-para-artistas-e-produtores-ibero-american\/","title":{"rendered":"A Escola M\u00fasica &#038; Neg\u00f3cios do Brasil lan\u00e7a seu programa \u201cLatin Music Business\u201d e oferece ao programa Iberm\u00fasicas 30 bolsas de estudo integrais para artistas e produtores ibero-americanos"},"content":{"rendered":"<p><span style=\"font-weight: 400;\">Com o objetivo de criar um mercado mais inclusivo e diversificado para o multiculturalismo ibero-americano, a Escola M\u00fasica &amp; Neg\u00f3cios<\/span> <span style=\"font-weight: 400;\">oferece ao Programa Iberm\u00fasicas 30 bolsas integrais para mulheres, pessoas negras, quilombolas, ind\u00edgenas, LGBTQIA+, imigrantes e\/ou pessoas com baixa renda.<\/span><\/p>\n<p><span style=\"font-weight: 400;\">Na ocasi\u00e3o do pr\u00e9-lan\u00e7amento do curso, ser\u00e1 realizado um semin\u00e1rio internacional, no qual ser\u00e1 debatido o panorama atual do mercado musical latino-americano: ind\u00fastria musical, cultura e pol\u00edticas p\u00fablicas. O semin\u00e1rio online \u00e9 gratuito, aberto a todas as pessoas e contar\u00e1 com a participa\u00e7\u00e3o de Eul<\/span><span style=\"font-weight: 400;\">\u00edcia Esteves, atual presidenta do Programa Iberm\u00fasicas, Maria Isabel de los R\u00edos, CEO da La Red Music Entertainment (empresa que j\u00e1 trabalhou com artistas como Romeo Santos, Don Omar, Ricardo Arjona, Sebasti\u00e1n Yatra, Julieta Venegas, Diego Torres, Noel Schajris, Aleks Syntek, entre outros) e media\u00e7\u00e3o do Pablo Sol\u00eds, da Institui\u00e7\u00e3o Conex\u00f5es Culturais da Am\u00e9rica Latina e da Music Works International.<\/span><\/p>\n<p><span style=\"font-weight: 400;\">As 30 bolsas s\u00e3o destinadas ao curso \u201cLatin Music Business &#8211; M\u00fasica e Neg\u00f3cios na Am\u00e9rica Latina: Planejando sua carreira na Ind\u00fastria Musical a n\u00edvel internacional\u201d, ministrado po<\/span><span style=\"font-weight: 400;\">r <\/span><span style=\"font-weight: 400;\">profissionais experientes da Ind\u00fastria Musical que atuam em institui\u00e7\u00f5es ou empresas como: La Red Music Entertainment, Music Tour Brasil, Music Works International, Conexiones Culturales Latinoam\u00e9rica, Creativa Advogados, tanto no mainstream quanto no setor independente, com foco na Am\u00e9rica Latina. O curso oferece 40 horas de aprendizado, de janeiro a mar\u00e7o, com aulas 100% online, gravadas e dispon\u00edveis para acesso. O certificado \u00e9 concedido em conjunto com o Instituto G\u00eanesis da PUC-Rio (Pontif\u00edcia Universidade Cat\u00f3lica do Rio de Janeiro), garantindo uma forma\u00e7\u00e3o reconhecida e valorizada pelas empresas do setor.<\/span><\/p>\n<p><span style=\"font-weight: 400;\">Al\u00e9m disso, ser\u00e1 fornecido acesso a um grupo exclusivo no whatsapp para expandir a rede de contatos e tro<\/span><span style=\"font-weight: 400;\">car ideias e experi\u00eancias com professores e colegas de diversas \u00e1reas do mercado musical. A ideia \u00e9 incentivar os alunos a construir conex\u00f5es e se preparar para ingressar no mercado ou se reinventar dentro dele.<\/span><\/p>\n<p><span style=\"font-weight: 400;\">Venha participar do processo seletivo da bolsa e fazer parte desse crescimento e expans\u00e3o do mercado musical.<\/span><\/p>\n<p><span style=\"font-weight: 400;\">Ter\u00e7a-feira<\/span><span style=\"font-weight: 400;\">,<\/span><span style=\"font-weight: 400;\"> 5 de novembro, 20h\u00a0<\/span><\/p>\n<p><span style=\"font-weight: 400;\">Link de inscri\u00e7\u00e3o para a bolsa: <\/span><a href=\"https:\/\/forms.gle\/mecReR348G27z8Sp6\"><span style=\"font-weight: 400;\">https:\/\/forms.gle\/mecReR348G27z8Sp6<\/span><\/a><\/p>\n<p><span style=\"font-weight: 400;\">Mais informa\u00e7\u00f5es: <\/span><span style=\"font-weight: 400;\">contato@musicaenegocios.com<\/span><\/p>\n<p><span style=\"font-weight: 400;\">Instagram: @escolamusicaenegocios<\/span><\/p>\n","protected":false},"excerpt":{"rendered":"<p>Com o objetivo de criar um mercado mais inclusivo e diversificado para o multiculturalismo ibero-americano, a Escola M\u00fasica &amp; Neg\u00f3cios oferece ao Programa Iberm\u00fasicas 30 bolsas integrais para mulheres, pessoas negras, quilombolas, ind\u00edgenas, LGBTQIA+, imigrantes e\/ou pessoas com baixa renda. Na ocasi\u00e3o do pr\u00e9-lan\u00e7amento do curso, ser\u00e1 realizado um semin\u00e1rio internacional, no qual ser\u00e1 debatido [&hellip;]<\/p>\n","protected":false},"author":7,"featured_media":20509,"comment_status":"closed","ping_status":"closed","sticky":false,"template":"","format":"standard","meta":{"footnotes":""},"categories":[218],"tags":[],"class_list":["post-20511","post","type-post","status-publish","format-standard","has-post-thumbnail","hentry","category-noticias-generales-pt"],"lang":"pt","translations":{"pt":20511,"es":20508},"pll_sync_post":[],"post_mailing_queue_ids":[],"_links":{"self":[{"href":"http:\/\/staging.ibermusicas.org\/index.php\/wp-json\/wp\/v2\/posts\/20511","targetHints":{"allow":["GET"]}}],"collection":[{"href":"http:\/\/staging.ibermusicas.org\/index.php\/wp-json\/wp\/v2\/posts"}],"about":[{"href":"http:\/\/staging.ibermusicas.org\/index.php\/wp-json\/wp\/v2\/types\/post"}],"author":[{"embeddable":true,"href":"http:\/\/staging.ibermusicas.org\/index.php\/wp-json\/wp\/v2\/users\/7"}],"replies":[{"embeddable":true,"href":"http:\/\/staging.ibermusicas.org\/index.php\/wp-json\/wp\/v2\/comments?post=20511"}],"version-history":[{"count":2,"href":"http:\/\/staging.ibermusicas.org\/index.php\/wp-json\/wp\/v2\/posts\/20511\/revisions"}],"predecessor-version":[{"id":20532,"href":"http:\/\/staging.ibermusicas.org\/index.php\/wp-json\/wp\/v2\/posts\/20511\/revisions\/20532"}],"wp:featuredmedia":[{"embeddable":true,"href":"http:\/\/staging.ibermusicas.org\/index.php\/wp-json\/wp\/v2\/media\/20509"}],"wp:attachment":[{"href":"http:\/\/staging.ibermusicas.org\/index.php\/wp-json\/wp\/v2\/media?parent=20511"}],"wp:term":[{"taxonomy":"category","embeddable":true,"href":"http:\/\/staging.ibermusicas.org\/index.php\/wp-json\/wp\/v2\/categories?post=20511"},{"taxonomy":"post_tag","embeddable":true,"href":"http:\/\/staging.ibermusicas.org\/index.php\/wp-json\/wp\/v2\/tags?post=20511"}],"curies":[{"name":"wp","href":"https:\/\/api.w.org\/{rel}","templated":true}]}}