{"id":20520,"date":"2024-10-15T14:47:03","date_gmt":"2024-10-15T14:47:03","guid":{"rendered":"http:\/\/staging.ibermusicas.org\/?p=20520"},"modified":"2024-12-04T14:49:13","modified_gmt":"2024-12-04T14:49:13","slug":"isabella-bretz-presenta-los-resultados-de-su-investigacion-sobre-musica-y-diplomacia-cultural-en-iberoamerica-en-el-festival-mate-de-coimbra-portugal","status":"publish","type":"post","link":"http:\/\/staging.ibermusicas.org\/index.php\/isabella-bretz-presenta-los-resultados-de-su-investigacion-sobre-musica-y-diplomacia-cultural-en-iberoamerica-en-el-festival-mate-de-coimbra-portugal\/","title":{"rendered":"Isabella Bretz presenta los resultados de su investigaci\u00f3n sobre m\u00fasica y diplomacia cultural en Iberoam\u00e9rica en el festival MATE de Coimbra, Portugal"},"content":{"rendered":"<p>El tema de la diplomacia cultural es parte fundamental de la trayectoria art\u00edstica y acad\u00e9mica de Isabella Bretz. La cantante, compositora y productora cultural desarrolla proyectos que combinan la cultura con su licenciatura en Relaciones Internacionales y Derecho Internacional.<\/p>\n<p>Con el apoyo del programa Iberm\u00fasicas, Isabella est\u00e1 llevando a cabo una investigaci\u00f3n sobre \u00abLa m\u00fasica como herramienta de diplomacia cultural en Iberoam\u00e9rica\u00bb. El proyecto dar\u00e1 lugar a un art\u00edculo acad\u00e9mico y tambi\u00e9n a otro texto con un lenguaje m\u00e1s sencillo, que se presentar\u00e1 a toda la comunidad en noviembre. Como parte de la propuesta, la investigadora tambi\u00e9n presentar\u00e1 los resultados de su estudio en el festival MATE &#8211; M\u00fasica, Arte, Tecnolog\u00eda y Educaci\u00f3n, que tendr\u00e1 lugar en Coimbra, Portugal, entre el 19 y el 22 de octubre.<\/p>\n<p>&nbsp;<\/p>\n<ul>\n<li>19 de octubre, 18:40: Presentaci\u00f3n de: Escenario Antiga Igreja, Convento S\u00e3o Francisco, Coimbra, Portugal<\/li>\n<li>22 de octubre, 15:00: Panel Diplomacia Cultural en Iberoam\u00e9rica, Sala Polivalente, Convento S\u00e3o Francisco, Coimbra, Portugal<\/li>\n<li>M\u00e1s informaci\u00f3n: <a href=\"https:\/\/www.matefestival.com\/programa\/\">https:\/\/www.matefestival.com\/programa\/<\/a><\/li>\n<\/ul>\n","protected":false},"excerpt":{"rendered":"<p>El tema de la diplomacia cultural es parte fundamental de la trayectoria art\u00edstica y acad\u00e9mica de Isabella Bretz. La cantante, compositora y productora cultural desarrolla proyectos que combinan la cultura con su licenciatura en Relaciones Internacionales y Derecho Internacional. Con el apoyo del programa Iberm\u00fasicas, Isabella est\u00e1 llevando a cabo una investigaci\u00f3n sobre \u00abLa m\u00fasica [&hellip;]<\/p>\n","protected":false},"author":7,"featured_media":20521,"comment_status":"closed","ping_status":"closed","sticky":false,"template":"","format":"standard","meta":{"footnotes":""},"categories":[53],"tags":[],"class_list":["post-20520","post","type-post","status-publish","format-standard","has-post-thumbnail","hentry","category-noticias-generales"],"lang":"es","translations":{"es":20520,"pt":20523},"pll_sync_post":[],"post_mailing_queue_ids":[],"_links":{"self":[{"href":"http:\/\/staging.ibermusicas.org\/index.php\/wp-json\/wp\/v2\/posts\/20520","targetHints":{"allow":["GET"]}}],"collection":[{"href":"http:\/\/staging.ibermusicas.org\/index.php\/wp-json\/wp\/v2\/posts"}],"about":[{"href":"http:\/\/staging.ibermusicas.org\/index.php\/wp-json\/wp\/v2\/types\/post"}],"author":[{"embeddable":true,"href":"http:\/\/staging.ibermusicas.org\/index.php\/wp-json\/wp\/v2\/users\/7"}],"replies":[{"embeddable":true,"href":"http:\/\/staging.ibermusicas.org\/index.php\/wp-json\/wp\/v2\/comments?post=20520"}],"version-history":[{"count":1,"href":"http:\/\/staging.ibermusicas.org\/index.php\/wp-json\/wp\/v2\/posts\/20520\/revisions"}],"predecessor-version":[{"id":20522,"href":"http:\/\/staging.ibermusicas.org\/index.php\/wp-json\/wp\/v2\/posts\/20520\/revisions\/20522"}],"wp:featuredmedia":[{"embeddable":true,"href":"http:\/\/staging.ibermusicas.org\/index.php\/wp-json\/wp\/v2\/media\/20521"}],"wp:attachment":[{"href":"http:\/\/staging.ibermusicas.org\/index.php\/wp-json\/wp\/v2\/media?parent=20520"}],"wp:term":[{"taxonomy":"category","embeddable":true,"href":"http:\/\/staging.ibermusicas.org\/index.php\/wp-json\/wp\/v2\/categories?post=20520"},{"taxonomy":"post_tag","embeddable":true,"href":"http:\/\/staging.ibermusicas.org\/index.php\/wp-json\/wp\/v2\/tags?post=20520"}],"curies":[{"name":"wp","href":"https:\/\/api.w.org\/{rel}","templated":true}]}}