{"id":20523,"date":"2024-10-15T14:48:28","date_gmt":"2024-10-15T14:48:28","guid":{"rendered":"http:\/\/staging.ibermusicas.org\/?p=20523"},"modified":"2024-12-04T14:42:36","modified_gmt":"2024-12-04T14:42:36","slug":"isabella-bretz-apresenta-resultados-de-sua-pesquisa-sobre-musica-e-diplomacia-cultural-na-ibero-america-no-festival-mate-em-coimbra-portugal","status":"publish","type":"post","link":"http:\/\/staging.ibermusicas.org\/index.php\/isabella-bretz-apresenta-resultados-de-sua-pesquisa-sobre-musica-e-diplomacia-cultural-na-ibero-america-no-festival-mate-em-coimbra-portugal\/","title":{"rendered":"Isabella Bretz apresenta resultados de sua pesquisa sobre m\u00fasica e diplomacia cultural na Ibero-Am\u00e9rica no festival MATE, em Coimbra, Portugal"},"content":{"rendered":"<p>O tema da diplomacia cultural \u00e9 parte fundamental da carreira art\u00edstica e acad\u00eamica de Isabella Bretz. A cantora, compositora e produtora cultural desenvolve projetos que unem a cultura \u00e0 sua forma\u00e7\u00e3o em Rela\u00e7\u00f5es Internacionais e Direito Internacional.<\/p>\n<p>&nbsp;<\/p>\n<p>Com o apoio do programa Iberm\u00fasicas, Isabella est\u00e1 desenvolvendo a pesquisa \u201cA m\u00fasica como ferramenta de diplomacia cultural na Ibero-Am\u00e9rica\u201d. O projeto dar\u00e1 origem a um artigo acad\u00eamico e tamb\u00e9m a outro texto com linguagem mais simples, que ser\u00e1 apresentado para toda a comunidade em novembro. Como parte da proposta, a investigadora tamb\u00e9m apresentar\u00e1 os resultados de seu estudo no festival MATE &#8211; M\u00fasica, Arte, Tecnologia e Educa\u00e7\u00e3o, que acontecer\u00e1 em Coimbra, Portugal, entre os dias 19 e 22 de outubro.<\/p>\n<p>&nbsp;<\/p>\n<ul>\n<li>19 de outubro, 18h40: Apresenta\u00e7\u00e3o da: Palco Antiga Igreja, Convento S\u00e3o Francisco, Coimbra, Portugal<\/li>\n<li>22 de outubro, 15h: Painel Diplomacia Cultural na Ibero-Am\u00e9rica, Sala Multiuso, Convento S\u00e3o Francisco, Coimbra, Portugal<\/li>\n<li>Mais informa\u00e7\u00f5es: <a href=\"https:\/\/www.matefestival.com\/programa\/\">https:\/\/www.matefestival.com\/programa\/<\/a><\/li>\n<\/ul>\n","protected":false},"excerpt":{"rendered":"<p>O tema da diplomacia cultural \u00e9 parte fundamental da carreira art\u00edstica e acad\u00eamica de Isabella Bretz. A cantora, compositora e produtora cultural desenvolve projetos que unem a cultura \u00e0 sua forma\u00e7\u00e3o em Rela\u00e7\u00f5es Internacionais e Direito Internacional. &nbsp; Com o apoio do programa Iberm\u00fasicas, Isabella est\u00e1 desenvolvendo a pesquisa \u201cA m\u00fasica como ferramenta de diplomacia [&hellip;]<\/p>\n","protected":false},"author":7,"featured_media":20521,"comment_status":"closed","ping_status":"closed","sticky":false,"template":"","format":"standard","meta":{"footnotes":""},"categories":[218],"tags":[],"class_list":["post-20523","post","type-post","status-publish","format-standard","has-post-thumbnail","hentry","category-noticias-generales-pt"],"lang":"pt","translations":{"pt":20523,"es":20520},"pll_sync_post":[],"post_mailing_queue_ids":[],"_links":{"self":[{"href":"http:\/\/staging.ibermusicas.org\/index.php\/wp-json\/wp\/v2\/posts\/20523","targetHints":{"allow":["GET"]}}],"collection":[{"href":"http:\/\/staging.ibermusicas.org\/index.php\/wp-json\/wp\/v2\/posts"}],"about":[{"href":"http:\/\/staging.ibermusicas.org\/index.php\/wp-json\/wp\/v2\/types\/post"}],"author":[{"embeddable":true,"href":"http:\/\/staging.ibermusicas.org\/index.php\/wp-json\/wp\/v2\/users\/7"}],"replies":[{"embeddable":true,"href":"http:\/\/staging.ibermusicas.org\/index.php\/wp-json\/wp\/v2\/comments?post=20523"}],"version-history":[{"count":1,"href":"http:\/\/staging.ibermusicas.org\/index.php\/wp-json\/wp\/v2\/posts\/20523\/revisions"}],"predecessor-version":[{"id":20524,"href":"http:\/\/staging.ibermusicas.org\/index.php\/wp-json\/wp\/v2\/posts\/20523\/revisions\/20524"}],"wp:featuredmedia":[{"embeddable":true,"href":"http:\/\/staging.ibermusicas.org\/index.php\/wp-json\/wp\/v2\/media\/20521"}],"wp:attachment":[{"href":"http:\/\/staging.ibermusicas.org\/index.php\/wp-json\/wp\/v2\/media?parent=20523"}],"wp:term":[{"taxonomy":"category","embeddable":true,"href":"http:\/\/staging.ibermusicas.org\/index.php\/wp-json\/wp\/v2\/categories?post=20523"},{"taxonomy":"post_tag","embeddable":true,"href":"http:\/\/staging.ibermusicas.org\/index.php\/wp-json\/wp\/v2\/tags?post=20523"}],"curies":[{"name":"wp","href":"https:\/\/api.w.org\/{rel}","templated":true}]}}