{"id":20529,"date":"2024-10-15T14:54:08","date_gmt":"2024-10-15T14:54:08","guid":{"rendered":"http:\/\/staging.ibermusicas.org\/?p=20529"},"modified":"2024-12-04T14:06:24","modified_gmt":"2024-12-04T14:06:24","slug":"os-membros-da-banda-psicodelica-tropical-peruana-hit-la-rosa-ministrarao-uma-serie-de-workshops-abertos-a-comunidade","status":"publish","type":"post","link":"http:\/\/staging.ibermusicas.org\/index.php\/os-membros-da-banda-psicodelica-tropical-peruana-hit-la-rosa-ministrarao-uma-serie-de-workshops-abertos-a-comunidade\/","title":{"rendered":"Os membros da banda psicod\u00e9lica tropical peruana Hit La Rosa ministrar\u00e3o uma s\u00e9rie de workshops abertos \u00e0 comunidade"},"content":{"rendered":"<p>Hit La Rosa \u00e9 uma banda peruana de psicadelia tropical formada em 2014 como um projeto musical de jovens inspirados e apaixonados pelo som da m\u00fasica tropical peruana. A banda \u00e9 inspirada no som primordial da cumbia peruana e explora o folclore de diferentes culturas ao redor do mundo. A sua experimenta\u00e7\u00e3o musical est\u00e1 envolta em sons contempor\u00e2neos e psicadelismo, resultando num som h\u00edbrido com a sua pr\u00f3pria harmonia e naturalidade.<\/p>\n<p>&nbsp;<\/p>\n<p>&nbsp;<\/p>\n<p>A banda j\u00e1 lan\u00e7ou dois \u00e1lbuns de est\u00fadio e, desde a sua forma\u00e7\u00e3o, j\u00e1 percorreu v\u00e1rias cidades do Peru como Cusco, Arequipa, Lima, Puno; e internacionalmente em pa\u00edses como Chile, Col\u00f4mbia, M\u00e9xico, Estados Unidos, Fran\u00e7a e Espanha.<\/p>\n<p>&nbsp;<\/p>\n<p>Depois de realizar, com o apoio da Iberm\u00fasicas, a \u201cCaminatas Europe Tour\u201d, sua turn\u00ea mais importante at\u00e9 o momento, eles compartilhar\u00e3o seus conhecimentos e experi\u00eancias com a comunidade por meio de tr\u00eas oficinas de educa\u00e7\u00e3o musical com inscri\u00e7\u00e3o gratuita: \u201cA voz do corpo\u201d, de Chaska Paucar, \u201cRitmo harm\u00f4nico\u201d, de Rub\u00e9n Guzm\u00e1n, e \u201cS\u00edntese 101\u201d, de Alfredo Coll.<\/p>\n<p>&nbsp;<\/p>\n<ul>\n<li>26 de outubro, das 12h \u00e0s 20h, no CIJAC, Parque Central, Gurpo 2, Setor 7, Villa El Salvador, Lima, Peru<\/li>\n<\/ul>\n","protected":false},"excerpt":{"rendered":"<p>Hit La Rosa \u00e9 uma banda peruana de psicadelia tropical formada em 2014 como um projeto musical de jovens inspirados e apaixonados pelo som da m\u00fasica tropical peruana. A banda \u00e9 inspirada no som primordial da cumbia peruana e explora o folclore de diferentes culturas ao redor do mundo. A sua experimenta\u00e7\u00e3o musical est\u00e1 envolta [&hellip;]<\/p>\n","protected":false},"author":7,"featured_media":20527,"comment_status":"closed","ping_status":"closed","sticky":false,"template":"","format":"standard","meta":{"footnotes":""},"categories":[218],"tags":[],"class_list":["post-20529","post","type-post","status-publish","format-standard","has-post-thumbnail","hentry","category-noticias-generales-pt"],"lang":"pt","translations":{"pt":20529,"es":20526},"pll_sync_post":[],"post_mailing_queue_ids":[],"_links":{"self":[{"href":"http:\/\/staging.ibermusicas.org\/index.php\/wp-json\/wp\/v2\/posts\/20529","targetHints":{"allow":["GET"]}}],"collection":[{"href":"http:\/\/staging.ibermusicas.org\/index.php\/wp-json\/wp\/v2\/posts"}],"about":[{"href":"http:\/\/staging.ibermusicas.org\/index.php\/wp-json\/wp\/v2\/types\/post"}],"author":[{"embeddable":true,"href":"http:\/\/staging.ibermusicas.org\/index.php\/wp-json\/wp\/v2\/users\/7"}],"replies":[{"embeddable":true,"href":"http:\/\/staging.ibermusicas.org\/index.php\/wp-json\/wp\/v2\/comments?post=20529"}],"version-history":[{"count":1,"href":"http:\/\/staging.ibermusicas.org\/index.php\/wp-json\/wp\/v2\/posts\/20529\/revisions"}],"predecessor-version":[{"id":20530,"href":"http:\/\/staging.ibermusicas.org\/index.php\/wp-json\/wp\/v2\/posts\/20529\/revisions\/20530"}],"wp:featuredmedia":[{"embeddable":true,"href":"http:\/\/staging.ibermusicas.org\/index.php\/wp-json\/wp\/v2\/media\/20527"}],"wp:attachment":[{"href":"http:\/\/staging.ibermusicas.org\/index.php\/wp-json\/wp\/v2\/media?parent=20529"}],"wp:term":[{"taxonomy":"category","embeddable":true,"href":"http:\/\/staging.ibermusicas.org\/index.php\/wp-json\/wp\/v2\/categories?post=20529"},{"taxonomy":"post_tag","embeddable":true,"href":"http:\/\/staging.ibermusicas.org\/index.php\/wp-json\/wp\/v2\/tags?post=20529"}],"curies":[{"name":"wp","href":"https:\/\/api.w.org\/{rel}","templated":true}]}}