{"id":20565,"date":"2024-10-25T16:41:10","date_gmt":"2024-10-25T16:41:10","guid":{"rendered":"http:\/\/staging.ibermusicas.org\/?p=20565"},"modified":"2024-10-25T16:46:41","modified_gmt":"2024-10-25T16:46:41","slug":"participacion-de-ignacio-rodes-en-el-festival-internacional-de-guitarra-2","status":"publish","type":"post","link":"http:\/\/staging.ibermusicas.org\/index.php\/participacion-de-ignacio-rodes-en-el-festival-internacional-de-guitarra-2\/","title":{"rendered":"Participaci\u00f3n de Ignacio Rodes en el Festival Internacional de Guitarra"},"content":{"rendered":"<p><b>T\u00edtulo del proyecto: Participaci\u00f3n en el Festival Internacional de Guitarra<br \/>\n<\/b><b>Nombre del artista\/agrupaci\u00f3n: Ignacio Rodes<br \/>\n<\/b><b>Pa\u00eds: Espa\u00f1a<br \/>\n<\/b><b>L\u00ednea de convocatoria: Ayudas al sector musical para la circulaci\u00f3n en Iberoam\u00e9rica<br \/>\n<\/b><b>A\u00f1o de convocatoria: 2023<\/b><\/p>\n<p><span style=\"font-weight: 400;\">\u00a0<\/span><\/p>\n<p><span style=\"font-weight: 400;\">Ignacio Rodes es un renombrado guitarrista cl\u00e1sico espa\u00f1ol. A su vasta trayectoria como int\u00e9rprete se une una larga experiencia como docente. Rodes es catedr\u00e1tico en el Conservatorio Superior de M\u00fasica de Alicante, doctor en Filosof\u00eda y director acad\u00e9mico y fundador de la Maestr\u00eda en Interpretaci\u00f3n de Guitarra Cl\u00e1sica de la Universidad de Alicante.<\/span><\/p>\n<p><span style=\"font-weight: 400;\">La ayuda proporcionada por Iberm\u00fasicas estuvo destinada a solventar el costo de traslados para la realizaci\u00f3n de una serie de conciertos, clases magistrales y conferencias en el Per\u00fa (particularmente en Cusco y Lima), en el marco del Festival Internacional de Guitarra Xim\u00e9nez Abril. El objetivo principal de este evento consiste en el rescate, promoci\u00f3n y revalorizaci\u00f3n de la obra de Pedro Xim\u00e9nez Abril (1784-1856), considerado uno de los compositores peruanos m\u00e1s trascendentes del siglo XIX, y cuyo legado musical gira en torno al romanticismo temprano, aunque la consolidaci\u00f3n de su estilo se acerca m\u00e1s al clasicismo<\/span><span style=\"font-weight: 400;\"> europeo de la \u00e9poca.<\/span><\/p>\n<p><span style=\"font-weight: 400;\">El Festival se ha granjeado un nombre relevante dentro de los eventos de m\u00fasica acad\u00e9mica en Am\u00e9rica Latina, y ha procurado trabajar activamente con las nuevas generaciones, es por ello que el evento incluye charlas did\u00e1cticas\u00a0 para ni\u00f1os, recitales gratuitos para la poblaci\u00f3n general y un concurso nacional de guitarra que hace posible que j\u00f3venes int\u00e9rpretes de guitarra cl\u00e1sica puedan obtener un instrumento de calidad.<\/span><span style=\"font-weight: 400;\"> El car\u00e1cter de beneficencia reci\u00e9n mencionado se complementa con un segundo aspecto de la propuesta de Rodes: la realizaci\u00f3n de conciertos did\u00e1cticos y conversatorios orientados espec\u00edficamente a ni\u00f1os de bajos recursos en Urubamba, localidad situada a una hora de Cusco.<\/span><\/p>\n<p><img loading=\"lazy\" decoding=\"async\" class=\"size-full wp-image-20567 aligncenter\" src=\"http:\/\/staging.ibermusicas.org\/wp-content\/uploads\/2024\/10\/rodes1.jpeg\" alt=\"\" width=\"806\" height=\"503\" \/><\/p>\n<p><span style=\"font-weight: 400;\">Es relevante que un m\u00fasico espa\u00f1ol sea invitado a Per\u00fa a realizar conciertos, ya que esto refleja un proceso de intercambio cultural que puede contribuir al enriquecimiento y diversificaci\u00f3n de la escena musical local. Tradicionalmente, los procesos de legitimaci\u00f3n musical han tendido a dirigirse en sentido inverso, es decir, de Am\u00e9rica Latina a Europa, donde hist\u00f3ricamente ha existido una mayor infraestructura y recursos para la difusi\u00f3n y promoci\u00f3n musical. En palabras de Ignacio Rodes:<\/span><\/p>\n<p><i><span style=\"font-weight: 400;\">\u201c<\/span><\/i><i><span style=\"font-weight: 400;\">Ha sido una experiencia estupenda descubrir el gran inter\u00e9s por la guitarra cl\u00e1sica en los estudiantes y en el p\u00fablico en general. Yo soy espa\u00f1ol, es una buena oportunidad para poder viajar a Am\u00e9rica. Normalmente los festivales de m\u00fasica cl\u00e1sica americanos no tienen el suficiente presupuesto para llevar actuaciones de artistas europeos. Iberm\u00fasicas es muy importante para el sector americano del mismo modo que es una oportunidad para nosotros. Sin la ayuda para este viaje, no hubi\u00e9ramos podido actuar en el Per\u00fa.<\/span><\/i><i><span style=\"font-weight: 400;\">\u201d<\/span><\/i><\/p>\n","protected":false},"excerpt":{"rendered":"<p>T\u00edtulo del proyecto: Participaci\u00f3n en el Festival Internacional de Guitarra Nombre del artista\/agrupaci\u00f3n: Ignacio Rodes Pa\u00eds: Espa\u00f1a L\u00ednea de convocatoria: Ayudas al sector musical para la circulaci\u00f3n en Iberoam\u00e9rica A\u00f1o de convocatoria: 2023 \u00a0 Ignacio Rodes es un renombrado guitarrista cl\u00e1sico espa\u00f1ol. A su vasta trayectoria como int\u00e9rprete se une una larga experiencia como docente. [&hellip;]<\/p>\n","protected":false},"author":7,"featured_media":20566,"comment_status":"closed","ping_status":"closed","sticky":false,"template":"","format":"standard","meta":{"footnotes":""},"categories":[56],"tags":[1399,91,565],"class_list":["post-20565","post","type-post","status-publish","format-standard","has-post-thumbnail","hentry","category-experiencias","tag-1399","tag-ayudas-a-la-movilidad-de-musicas-y-musicos","tag-espana"],"lang":"es","translations":{"es":20565,"pt":20570},"pll_sync_post":[],"post_mailing_queue_ids":[],"_links":{"self":[{"href":"http:\/\/staging.ibermusicas.org\/index.php\/wp-json\/wp\/v2\/posts\/20565","targetHints":{"allow":["GET"]}}],"collection":[{"href":"http:\/\/staging.ibermusicas.org\/index.php\/wp-json\/wp\/v2\/posts"}],"about":[{"href":"http:\/\/staging.ibermusicas.org\/index.php\/wp-json\/wp\/v2\/types\/post"}],"author":[{"embeddable":true,"href":"http:\/\/staging.ibermusicas.org\/index.php\/wp-json\/wp\/v2\/users\/7"}],"replies":[{"embeddable":true,"href":"http:\/\/staging.ibermusicas.org\/index.php\/wp-json\/wp\/v2\/comments?post=20565"}],"version-history":[{"count":2,"href":"http:\/\/staging.ibermusicas.org\/index.php\/wp-json\/wp\/v2\/posts\/20565\/revisions"}],"predecessor-version":[{"id":20569,"href":"http:\/\/staging.ibermusicas.org\/index.php\/wp-json\/wp\/v2\/posts\/20565\/revisions\/20569"}],"wp:featuredmedia":[{"embeddable":true,"href":"http:\/\/staging.ibermusicas.org\/index.php\/wp-json\/wp\/v2\/media\/20566"}],"wp:attachment":[{"href":"http:\/\/staging.ibermusicas.org\/index.php\/wp-json\/wp\/v2\/media?parent=20565"}],"wp:term":[{"taxonomy":"category","embeddable":true,"href":"http:\/\/staging.ibermusicas.org\/index.php\/wp-json\/wp\/v2\/categories?post=20565"},{"taxonomy":"post_tag","embeddable":true,"href":"http:\/\/staging.ibermusicas.org\/index.php\/wp-json\/wp\/v2\/tags?post=20565"}],"curies":[{"name":"wp","href":"https:\/\/api.w.org\/{rel}","templated":true}]}}