{"id":20585,"date":"2024-10-29T19:58:58","date_gmt":"2024-10-29T19:58:58","guid":{"rendered":"http:\/\/staging.ibermusicas.org\/?p=20585"},"modified":"2024-12-04T14:49:24","modified_gmt":"2024-12-04T14:49:24","slug":"el-grupo-neopercusion-de-espana-presenta-en-mexico-arqueologias-sonoras-un-viaje-musical-contemporaneo-a-traves-de-la-cultura-precolombina","status":"publish","type":"post","link":"http:\/\/staging.ibermusicas.org\/index.php\/el-grupo-neopercusion-de-espana-presenta-en-mexico-arqueologias-sonoras-un-viaje-musical-contemporaneo-a-traves-de-la-cultura-precolombina\/","title":{"rendered":"El grupo Neopercusi\u00f3n de Espa\u00f1a presenta en M\u00e9xico \u201cArqueolog\u00edas Sonoras\u201d, un viaje musical contempor\u00e1neo a trav\u00e9s de la cultura precolombina"},"content":{"rendered":"<p>El grupo Neopercusi\u00f3n, reconocido por su innovaci\u00f3n y enfoque en la m\u00fasica contempor\u00e1nea, desarrollar\u00e1 en M\u00e9xico el proyecto \u00abArqueolog\u00edas Sonoras\u00bb, estrenando obras encargadas a compositores mexicanos.<\/p>\n<p>&nbsp;<\/p>\n<p>\u00abArqueolog\u00edas Sonoras\u00bb es un fascinante viaje musical y visual que explora y celebra la rica herencia cultural de las civilizaciones precolombinas que tras un concierto de presentaci\u00f3n\u00a0 en Madrid (Espa\u00f1a), recorrer\u00e1\u00a0 en M\u00e9xico las ciudades de\u00a0 Culiac\u00e1n,\u00a0 Mazatl\u00e1n , Durango, Monterrey y Guanajuato.<\/p>\n<p>&nbsp;<\/p>\n<p>\u00abArqueolog\u00edas Sonoras\u00bb es un proyecto interdisciplinario que fusiona m\u00fasica, artes visuales, danza, lenguajes, juegos, tradiciones, deportes y oficios de las culturas prehisp\u00e1nicas, creando una experiencia art\u00edstica \u00fanica que mezcla lo antiguo con lo contempor\u00e1neo.<\/p>\n<p>&nbsp;<\/p>\n<p>Bajo la direcci\u00f3n art\u00edstica de Juanjo Guillem, cinco compositores de M\u00e9xico, Per\u00fa y Espa\u00f1a, como son Abraham Padilla, Eduardo Caballero, Richard Dur\u00e1n, Miguel G\u00e1lvez Taroncher y Valeria Rub\u00ed, colaboran para dar vida a este proyecto ofreciendo una reinterpretaci\u00f3n contempor\u00e1nea de las expresiones musicales ancestrales.<\/p>\n<p>&nbsp;<\/p>\n<p>Ideal para todo tipo de p\u00fablico, desde amantes de la m\u00fasica contempor\u00e1nea hasta aquellos interesados en la historia y la cultura precolombina, este proyecto busca despertar una mayor apreciaci\u00f3n y comprensi\u00f3n de su riqueza musical y art\u00edstica.<\/p>\n<p>&nbsp;<\/p>\n<p>Esta gira mexicana de Neopercusi\u00f3n es posible gracias al apoyo de Iberm\u00fasicas mediante sus Ayudas a la Circulaci\u00f3n, convocatoria 2023.<\/p>\n<p>&nbsp;<\/p>\n<p>&nbsp;<\/p>\n<ul>\n<li>1 de noviembre: concierto en Monterrey<\/li>\n<li>4 de noviembre: Concierto en Guanajuato<\/li>\n<\/ul>\n","protected":false},"excerpt":{"rendered":"<p>El grupo Neopercusi\u00f3n, reconocido por su innovaci\u00f3n y enfoque en la m\u00fasica contempor\u00e1nea, desarrollar\u00e1 en M\u00e9xico el proyecto \u00abArqueolog\u00edas Sonoras\u00bb, estrenando obras encargadas a compositores mexicanos. &nbsp; \u00abArqueolog\u00edas Sonoras\u00bb es un fascinante viaje musical y visual que explora y celebra la rica herencia cultural de las civilizaciones precolombinas que tras un concierto de presentaci\u00f3n\u00a0 en [&hellip;]<\/p>\n","protected":false},"author":7,"featured_media":20586,"comment_status":"closed","ping_status":"closed","sticky":false,"template":"","format":"standard","meta":{"footnotes":""},"categories":[53],"tags":[],"class_list":["post-20585","post","type-post","status-publish","format-standard","has-post-thumbnail","hentry","category-noticias-generales"],"lang":"es","translations":{"es":20585,"pt":20588},"pll_sync_post":[],"post_mailing_queue_ids":[],"_links":{"self":[{"href":"http:\/\/staging.ibermusicas.org\/index.php\/wp-json\/wp\/v2\/posts\/20585","targetHints":{"allow":["GET"]}}],"collection":[{"href":"http:\/\/staging.ibermusicas.org\/index.php\/wp-json\/wp\/v2\/posts"}],"about":[{"href":"http:\/\/staging.ibermusicas.org\/index.php\/wp-json\/wp\/v2\/types\/post"}],"author":[{"embeddable":true,"href":"http:\/\/staging.ibermusicas.org\/index.php\/wp-json\/wp\/v2\/users\/7"}],"replies":[{"embeddable":true,"href":"http:\/\/staging.ibermusicas.org\/index.php\/wp-json\/wp\/v2\/comments?post=20585"}],"version-history":[{"count":1,"href":"http:\/\/staging.ibermusicas.org\/index.php\/wp-json\/wp\/v2\/posts\/20585\/revisions"}],"predecessor-version":[{"id":20587,"href":"http:\/\/staging.ibermusicas.org\/index.php\/wp-json\/wp\/v2\/posts\/20585\/revisions\/20587"}],"wp:featuredmedia":[{"embeddable":true,"href":"http:\/\/staging.ibermusicas.org\/index.php\/wp-json\/wp\/v2\/media\/20586"}],"wp:attachment":[{"href":"http:\/\/staging.ibermusicas.org\/index.php\/wp-json\/wp\/v2\/media?parent=20585"}],"wp:term":[{"taxonomy":"category","embeddable":true,"href":"http:\/\/staging.ibermusicas.org\/index.php\/wp-json\/wp\/v2\/categories?post=20585"},{"taxonomy":"post_tag","embeddable":true,"href":"http:\/\/staging.ibermusicas.org\/index.php\/wp-json\/wp\/v2\/tags?post=20585"}],"curies":[{"name":"wp","href":"https:\/\/api.w.org\/{rel}","templated":true}]}}