{"id":20588,"date":"2024-10-29T20:00:09","date_gmt":"2024-10-29T20:00:09","guid":{"rendered":"http:\/\/staging.ibermusicas.org\/?p=20588"},"modified":"2024-12-04T14:05:17","modified_gmt":"2024-12-04T14:05:17","slug":"o-grupo-espanhol-neopercusion-apresenta-arqueologias-sonoras-no-mexico-uma-viagem-musical-contemporanea-pela-cultura-pre-colombiana","status":"publish","type":"post","link":"http:\/\/staging.ibermusicas.org\/index.php\/o-grupo-espanhol-neopercusion-apresenta-arqueologias-sonoras-no-mexico-uma-viagem-musical-contemporanea-pela-cultura-pre-colombiana\/","title":{"rendered":"O grupo espanhol Neopercusi\u00f3n apresenta \u201cArqueolog\u00edas Sonoras\u201d no M\u00e9xico, uma viagem musical contempor\u00e2nea pela cultura pr\u00e9-colombiana"},"content":{"rendered":"<p>O grupo Neopercusi\u00f3n, reconhecido por sua inova\u00e7\u00e3o e abordagem \u00e0 m\u00fasica contempor\u00e2nea, desenvolver\u00e1 o projeto \u201cArqueolog\u00edas Sonoras\u201d no M\u00e9xico, estreando obras encomendadas a compositores mexicanos.<\/p>\n<p>&nbsp;<\/p>\n<p>\u201cArqueolog\u00edas Sonoras\u201d \u00e9 uma fascinante jornada musical e visual que explora e celebra o rico patrim\u00f4nio cultural das civiliza\u00e7\u00f5es pr\u00e9-colombianas. Ap\u00f3s um concerto de apresenta\u00e7\u00e3o em Madri (Espanha), o projeto percorrer\u00e1 as cidades de Culiac\u00e1n, Mazatl\u00e1n, Durango, Monterrey e Guanajuato, no M\u00e9xico.<\/p>\n<p>&nbsp;<\/p>\n<p>\u201cArqueolog\u00edas Sonoras\u201d \u00e9 um projeto interdisciplinar que funde m\u00fasica, artes visuais, dan\u00e7a, idiomas, jogos, tradi\u00e7\u00f5es, esportes e artesanato de culturas pr\u00e9-hisp\u00e2nicas, criando uma experi\u00eancia art\u00edstica \u00fanica que mistura o antigo com o contempor\u00e2neo.<\/p>\n<p>&nbsp;<\/p>\n<p>Sob a dire\u00e7\u00e3o art\u00edstica de Juanjo Guillem, cinco compositores do M\u00e9xico, Peru e Espanha, como Abraham Padilla, Eduardo Caballero, Richard Dur\u00e1n, Miguel G\u00e1lvez Taroncher e Valeria Rub\u00ed, colaboram para dar vida a esse projeto que oferece uma reinterpreta\u00e7\u00e3o contempor\u00e2nea de express\u00f5es musicais ancestrais.<\/p>\n<p>&nbsp;<\/p>\n<p>Ideal para todos os p\u00fablicos, desde os amantes da m\u00fasica contempor\u00e2nea at\u00e9 os interessados na hist\u00f3ria e na cultura pr\u00e9-colombianas, esse projeto busca despertar uma maior aprecia\u00e7\u00e3o e compreens\u00e3o de sua riqueza musical e art\u00edstica.<\/p>\n<p>&nbsp;<\/p>\n<p>A turn\u00ea mexicana do Neopercusi\u00f3n \u00e9 poss\u00edvel gra\u00e7as ao apoio do Iberm\u00fasicas por meio de suas Ajudas \u00e0 Circula\u00e7\u00e3o, chamada 2023.<\/p>\n<p>&nbsp;<\/p>\n<ul>\n<li>1\u00ba de novembro: concerto em Monterrey<\/li>\n<li>4 de novembro: show em Guanajuato<\/li>\n<\/ul>\n","protected":false},"excerpt":{"rendered":"<p>O grupo Neopercusi\u00f3n, reconhecido por sua inova\u00e7\u00e3o e abordagem \u00e0 m\u00fasica contempor\u00e2nea, desenvolver\u00e1 o projeto \u201cArqueolog\u00edas Sonoras\u201d no M\u00e9xico, estreando obras encomendadas a compositores mexicanos. &nbsp; \u201cArqueolog\u00edas Sonoras\u201d \u00e9 uma fascinante jornada musical e visual que explora e celebra o rico patrim\u00f4nio cultural das civiliza\u00e7\u00f5es pr\u00e9-colombianas. Ap\u00f3s um concerto de apresenta\u00e7\u00e3o em Madri (Espanha), o [&hellip;]<\/p>\n","protected":false},"author":7,"featured_media":20586,"comment_status":"closed","ping_status":"closed","sticky":false,"template":"","format":"standard","meta":{"footnotes":""},"categories":[218],"tags":[],"class_list":["post-20588","post","type-post","status-publish","format-standard","has-post-thumbnail","hentry","category-noticias-generales-pt"],"lang":"pt","translations":{"pt":20588,"es":20585},"pll_sync_post":[],"post_mailing_queue_ids":[],"_links":{"self":[{"href":"http:\/\/staging.ibermusicas.org\/index.php\/wp-json\/wp\/v2\/posts\/20588","targetHints":{"allow":["GET"]}}],"collection":[{"href":"http:\/\/staging.ibermusicas.org\/index.php\/wp-json\/wp\/v2\/posts"}],"about":[{"href":"http:\/\/staging.ibermusicas.org\/index.php\/wp-json\/wp\/v2\/types\/post"}],"author":[{"embeddable":true,"href":"http:\/\/staging.ibermusicas.org\/index.php\/wp-json\/wp\/v2\/users\/7"}],"replies":[{"embeddable":true,"href":"http:\/\/staging.ibermusicas.org\/index.php\/wp-json\/wp\/v2\/comments?post=20588"}],"version-history":[{"count":1,"href":"http:\/\/staging.ibermusicas.org\/index.php\/wp-json\/wp\/v2\/posts\/20588\/revisions"}],"predecessor-version":[{"id":20589,"href":"http:\/\/staging.ibermusicas.org\/index.php\/wp-json\/wp\/v2\/posts\/20588\/revisions\/20589"}],"wp:featuredmedia":[{"embeddable":true,"href":"http:\/\/staging.ibermusicas.org\/index.php\/wp-json\/wp\/v2\/media\/20586"}],"wp:attachment":[{"href":"http:\/\/staging.ibermusicas.org\/index.php\/wp-json\/wp\/v2\/media?parent=20588"}],"wp:term":[{"taxonomy":"category","embeddable":true,"href":"http:\/\/staging.ibermusicas.org\/index.php\/wp-json\/wp\/v2\/categories?post=20588"},{"taxonomy":"post_tag","embeddable":true,"href":"http:\/\/staging.ibermusicas.org\/index.php\/wp-json\/wp\/v2\/tags?post=20588"}],"curies":[{"name":"wp","href":"https:\/\/api.w.org\/{rel}","templated":true}]}}