{"id":20590,"date":"2024-10-29T20:02:04","date_gmt":"2024-10-29T20:02:04","guid":{"rendered":"http:\/\/staging.ibermusicas.org\/?p=20590"},"modified":"2024-12-04T14:49:31","modified_gmt":"2024-12-04T14:49:31","slug":"tabare-leyton-una-de-las-voces-mas-destacadas-del-tango-rioplatense-emprende-su-gira-por-europa-y-el-rio-de-la-plata-2024-con-presentaciones-en-argentina-uruguay-espana-y-francia","status":"publish","type":"post","link":"http:\/\/staging.ibermusicas.org\/index.php\/tabare-leyton-una-de-las-voces-mas-destacadas-del-tango-rioplatense-emprende-su-gira-por-europa-y-el-rio-de-la-plata-2024-con-presentaciones-en-argentina-uruguay-espana-y-francia\/","title":{"rendered":"Tabar\u00e9 Leyton, una de las voces m\u00e1s destacadas del tango rioplatense, emprende su gira por Europa y el R\u00edo de la Plata 2024 con presentaciones en Argentina, Uruguay, Espa\u00f1a y Francia"},"content":{"rendered":"<p>El reconocido cantante uruguayo, visitar\u00e1 las ciudades de Buenos Aires, La Plata, Punta del Este, Madrid, Barcelona y Par\u00eds. Durante estos conciertos, Leyton interpretar\u00e1 las canciones de su m\u00e1s reciente trabajo, Tabar\u00e9 Leyton \u2013 Vol. 1, \u00e1lbum que fue premiado con el Graffiti de Uruguay al \u00abMejor \u00c1lbum de Tango\u00bb en su \u00faltima edici\u00f3n.<\/p>\n<p>&nbsp;<\/p>\n<p>Tabar\u00e9 celebrar\u00e1 en esta gira realizada con el apoyo de Iberm\u00fasicas sus 15 a\u00f1os de trayectoria art\u00edstica, acompa\u00f1ado por el talentoso Rafael Bramuglia en guitarra y ofrecer\u00e1n un repertorio exquisito que combina cl\u00e1sicos del tango con lo mejor de su carrera musical.<\/p>\n<p>&nbsp;<\/p>\n<p>El cantante uruguayo Tabar\u00e9 Leyton irrumpi\u00f3 en la escena rioplatense, cuna del tango y la canci\u00f3n criolla, con una voz \u00fanica que combina historia, presente y futuro.<\/p>\n<p>&nbsp;<\/p>\n<p>Desde 2012, Max Masri, productor y l\u00edder de Tanghetto, es el productor de sus discos. Han editado \u201cLa Factor\u00eda del Tango\u201d, \u201cCharr\u00faa\u201d, \u201cVivo por el tango\u201d y ahora \u00abTabar\u00e9 Leyton Vol. 1\u201d, c\u00f3mo avance de lo que ser\u00e1 su primer \u00e1lbum doble.<\/p>\n<p>&nbsp;<\/p>\n<p>Horacio Ferrer, poeta de Astor Piazzolla y autor de centenares de textos legendarios, y Alberto Magnone han sido sus grandes padrinos art\u00edsticos. Tanto en milongas tradicionales como en festivales al aire libre o en prestigiosos teatros de la regi\u00f3n y del mundo, Tabar\u00e9 es siempre recibido a aplauso cerrado.<\/p>\n<p>&nbsp;<\/p>\n<p>Luego de una impresionante Gira Europea 2022, en d\u00f3nde se destac\u00f3 su presentaci\u00f3n en La asamblea nacional de Par\u00eds (Parlamento Franc\u00e9s), Leyton vuelve a sorprender con un \u00e1lbum formidable.<\/p>\n<p>&nbsp;<\/p>\n<p>El artista ha cosechado giras y premios: un Premio Iris, dos Premios Graffiti como Mejor \u00c1lbum de Tango, el premio Morosoli y una serie de presentaciones en importantes salas de la regi\u00f3n y del mundo: incluyendo el prestigioso Teatro Sol\u00eds, el Auditorio Nacional del Sodre, La Trastienda y Sala Zitarrosa de su Montevideo natal, una fecha en el Luna Park en el Festival de Tango junto a Horacio Ferrer, el CCK, la Academia Nacional del Tango, en Buenos Aires y presentaciones en Espa\u00f1a (Festival de Granada), Finlandia (Festival de Sein\u00e4joki), Suecia, Noruega, Dinamarca, Francia, Alemania, Austria, Italia y Qatar.<\/p>\n<ul>\n<li>29 de octubre 20h: Gran Sal\u00f3n Marab\u00fa, Buenos Aires, Argentina<\/li>\n<li>02 de noviembre 20h: Boutique Caf\u00e9 Teatro Metro, La Plata, Argentina<\/li>\n<li>06 de noviembre 21h: Pueblo Narakan &#8211; Punta del Este, Uruguay<\/li>\n<li>07 de noviembre 21h: Magnolio Sala &#8211; Montevideo, Uruguay<\/li>\n<li>18 de noviembre 21h: Tarambana &#8211; Madrid, Espa\u00f1a<\/li>\n<li>20 de noviembre 21h: Milonga Coqueta &#8211; Madrid, Espa\u00f1a<\/li>\n<li>21 de noviembre 21h:Tango Vivo &#8211; Barcelona, Espa\u00f1a<\/li>\n<li>26 de noviembre 20h: Maison De L&#8217;amerique Latine &#8211; Par\u00eds, Francia<\/li>\n<li>28 de noviembre 20h: Tango Club &#8211; Nantes, Francia<\/li>\n<li>29 de noviembre 20h: Asociaci\u00f3n De Uruguayos &#8211; Breta\u00f1a, Francia<\/li>\n<li>08 de diciembre 20h:Embajada De Uruguay &#8211; Par\u00eds, Francia<\/li>\n<li>13 de diciembre 20h:Tango Club &#8211; Par\u00eds, Francia<\/li>\n<li>14 de diciembre 20h: Tango Club &#8211; Par\u00eds, Francia<\/li>\n<li>16 de diciembre 20h: Centro Uruguayo, Madrid, Espa\u00f1a<\/li>\n<li>20 de diciembre 21h: Madrid, Espa\u00f1a<\/li>\n<li>21 de diciembre 20h: Tango Vivo, Barcelona, Espa\u00f1a<\/li>\n<li>24 de diciembre, 20h: Tango Clulb Velleville, Par\u00eds, Francia<\/li>\n<\/ul>\n","protected":false},"excerpt":{"rendered":"<p>El reconocido cantante uruguayo, visitar\u00e1 las ciudades de Buenos Aires, La Plata, Punta del Este, Madrid, Barcelona y Par\u00eds. Durante estos conciertos, Leyton interpretar\u00e1 las canciones de su m\u00e1s reciente trabajo, Tabar\u00e9 Leyton \u2013 Vol. 1, \u00e1lbum que fue premiado con el Graffiti de Uruguay al \u00abMejor \u00c1lbum de Tango\u00bb en su \u00faltima edici\u00f3n. &nbsp; [&hellip;]<\/p>\n","protected":false},"author":7,"featured_media":20591,"comment_status":"closed","ping_status":"closed","sticky":false,"template":"","format":"standard","meta":{"footnotes":""},"categories":[53],"tags":[],"class_list":["post-20590","post","type-post","status-publish","format-standard","has-post-thumbnail","hentry","category-noticias-generales"],"lang":"es","translations":{"es":20590,"pt":20593},"pll_sync_post":[],"post_mailing_queue_ids":[],"_links":{"self":[{"href":"http:\/\/staging.ibermusicas.org\/index.php\/wp-json\/wp\/v2\/posts\/20590","targetHints":{"allow":["GET"]}}],"collection":[{"href":"http:\/\/staging.ibermusicas.org\/index.php\/wp-json\/wp\/v2\/posts"}],"about":[{"href":"http:\/\/staging.ibermusicas.org\/index.php\/wp-json\/wp\/v2\/types\/post"}],"author":[{"embeddable":true,"href":"http:\/\/staging.ibermusicas.org\/index.php\/wp-json\/wp\/v2\/users\/7"}],"replies":[{"embeddable":true,"href":"http:\/\/staging.ibermusicas.org\/index.php\/wp-json\/wp\/v2\/comments?post=20590"}],"version-history":[{"count":2,"href":"http:\/\/staging.ibermusicas.org\/index.php\/wp-json\/wp\/v2\/posts\/20590\/revisions"}],"predecessor-version":[{"id":20596,"href":"http:\/\/staging.ibermusicas.org\/index.php\/wp-json\/wp\/v2\/posts\/20590\/revisions\/20596"}],"wp:featuredmedia":[{"embeddable":true,"href":"http:\/\/staging.ibermusicas.org\/index.php\/wp-json\/wp\/v2\/media\/20591"}],"wp:attachment":[{"href":"http:\/\/staging.ibermusicas.org\/index.php\/wp-json\/wp\/v2\/media?parent=20590"}],"wp:term":[{"taxonomy":"category","embeddable":true,"href":"http:\/\/staging.ibermusicas.org\/index.php\/wp-json\/wp\/v2\/categories?post=20590"},{"taxonomy":"post_tag","embeddable":true,"href":"http:\/\/staging.ibermusicas.org\/index.php\/wp-json\/wp\/v2\/tags?post=20590"}],"curies":[{"name":"wp","href":"https:\/\/api.w.org\/{rel}","templated":true}]}}