{"id":20593,"date":"2024-10-29T20:03:34","date_gmt":"2024-10-29T20:03:34","guid":{"rendered":"http:\/\/staging.ibermusicas.org\/?p=20593"},"modified":"2024-12-04T14:05:03","modified_gmt":"2024-12-04T14:05:03","slug":"tabare-leyton-uma-das-vozes-mais-marcantes-do-tango-de-rio-de-la-plata-inicia-sua-turne-pela-europa-e-pelo-rio-da-prata-2024-com-apresentacoes-na-argentina-uruguai-espanha-e-franca","status":"publish","type":"post","link":"http:\/\/staging.ibermusicas.org\/index.php\/tabare-leyton-uma-das-vozes-mais-marcantes-do-tango-de-rio-de-la-plata-inicia-sua-turne-pela-europa-e-pelo-rio-da-prata-2024-com-apresentacoes-na-argentina-uruguai-espanha-e-franca\/","title":{"rendered":"Tabar\u00e9 Leyton, uma das vozes mais marcantes do tango de Rio de la Plata, inicia sua turn\u00ea pela Europa e pelo Rio da Prata 2024 com apresenta\u00e7\u00f5es na Argentina, Uruguai, Espanha e Fran\u00e7a"},"content":{"rendered":"<p>O renomado cantor uruguaio visitar\u00e1 as cidades de Buenos Aires, La Plata, Punta del Este, Madri, Barcelona e Paris. Durante esses shows, Leyton interpretar\u00e1 can\u00e7\u00f5es de seu mais recente trabalho, Tabar\u00e9 Leyton &#8211; Vol. 1, \u00e1lbum que recebeu o pr\u00eamio Grafite do Uruguai de \u201cMelhor \u00c1lbum de Tango\u201d em sua \u00faltima edi\u00e7\u00e3o.<\/p>\n<p>&nbsp;<\/p>\n<p>Tabar\u00e9 celebrar\u00e1 seus 15 anos de carreira art\u00edstica nesta turn\u00ea com o apoio do Iberm\u00fasicas, acompanhado pelo talentoso Rafael Bramuglia no viol\u00e3o e oferecer\u00e1 um repert\u00f3rio requintado que combina cl\u00e1ssicos do tango com o melhor de sua carreira musical.<\/p>\n<p>&nbsp;<\/p>\n<p>O cantor uruguaio Tabar\u00e9 Leyton surgiu no cen\u00e1rio do Rio de la Plata, ber\u00e7o do tango e da m\u00fasica crioula, com uma voz \u00fanica que combina hist\u00f3ria, presente e futuro.<\/p>\n<p>&nbsp;<\/p>\n<p>Desde 2012, Max Masri, produtor e l\u00edder do Tanghetto, \u00e9 o produtor dos seus \u00e1lbuns. Lan\u00e7aram \u201cLa Factor\u00eda del Tango\u201d, \u2018Charr\u00faa\u2019, \u2018Vivo por el tango\u2019 e agora \u2018Tabar\u00e9 Leyton Vol. 1\u2019, como uma antevis\u00e3o do que ser\u00e1 o seu primeiro \u00e1lbum duplo.<\/p>\n<p>&nbsp;<\/p>\n<p>Horacio Ferrer, poeta de Astor Piazzolla e autor de centenas de textos lend\u00e1rios, e Alberto Magnone foram os seus grandes padrinhos art\u00edsticos. Seja em milongas tradicionais, festivais ao ar livre ou teatros de prest\u00edgio na regi\u00e3o e no mundo, Tabar\u00e9 \u00e9 sempre recebido com aplausos arrebatadores.<\/p>\n<p>&nbsp;<\/p>\n<p>Depois de uma impressionante digress\u00e3o europeia em 2022, que incluiu uma atua\u00e7\u00e3o na Assembleia Nacional de Paris (Parlamento franc\u00eas), Leyton volta a surpreender com um \u00e1lbum formid\u00e1vel.<\/p>\n<p>&nbsp;<\/p>\n<p>O artista tem acumulado digress\u00f5es e pr\u00e9mios: um Pr\u00e9mio Iris, dois Pr\u00e9mios Graffiti para Melhor \u00c1lbum de Tango, o Pr\u00e9mio Morosoli e uma s\u00e9rie de actua\u00e7\u00f5es em importantes salas da regi\u00e3o e do mundo: Incluindo o prestigiado Teatro Sol\u00eds, o Auditorio Nacional del Sodre, La Trastienda e Sala Zitarrosa em sua cidade natal Montevid\u00e9u, uma data no Luna Park no Festival de Tango ao lado de Horacio Ferrer, o CCK, a Academia Nacional del Tango, em Buenos Aires e apresenta\u00e7\u00f5es em Espanha (Festival de Granada), Finl\u00e2ndia (Festival Sein\u00e4joki), Su\u00e9cia, Noruega, Dinamarca, Fran\u00e7a, Alemanha, \u00c1ustria, It\u00e1lia e Qatar.<\/p>\n<p>&nbsp;<\/p>\n<ul>\n<li>29 de outubro 20h: Gran Sal\u00f3n Marab\u00fa, Buenos Aires, Argentina<\/li>\n<li>02 de novembro 20h: Boutique Caf\u00e9 Teatro Metro, La Plata, Argentina<\/li>\n<li>06 de novembro 21h: Narakan Village &#8211; Punta del Este, Uruguai<\/li>\n<li>07 de novembro 21h: Magnolio Sala &#8211; Montevid\u00e9u, Uruguai<\/li>\n<li>18 de novembro 21h: Tarambana &#8211; Madri, Espanha<\/li>\n<li>20 de novembro 21h: Milonga Coqueta &#8211; Madri, Espanha<\/li>\n<li>21 de novembro 21h: Tango Vivo &#8211; Barcelona, Espanha<\/li>\n<li>26 de novembro 20h: Maison De L&#8217;amerique Latine &#8211; Paris, Fran\u00e7a<\/li>\n<li>28 de novembro 20h: Tango Club &#8211; Nantes, Fran\u00e7a<\/li>\n<li>29 de novembro 20h: Association Of Uruguayans &#8211; Bretanha, Fran\u00e7a<\/li>\n<li>8 de dezembro 20h:Embaixada do Uruguai &#8211; Paris, Fran\u00e7a<\/li>\n<li>13 de dezembro 20h:Tango Club &#8211; Paris, Fran\u00e7a<\/li>\n<li>14 de dezembro 20h: Tango Club &#8211; Paris, Fran\u00e7a<\/li>\n<li>16 de dezembro, 20h: Centro Uruguayo, Madrid, Espanha<\/li>\n<li>20 de dezembro, 21h: Madrid, Espanha<\/li>\n<li>21 de dezembro, 20h: Tango Vivo, Barcelona, Espanha<\/li>\n<li>24 dezembro, 20h: Tango Clulb Velleville, Paris, Fran\u00e7a<\/li>\n<\/ul>\n","protected":false},"excerpt":{"rendered":"<p>O renomado cantor uruguaio visitar\u00e1 as cidades de Buenos Aires, La Plata, Punta del Este, Madri, Barcelona e Paris. Durante esses shows, Leyton interpretar\u00e1 can\u00e7\u00f5es de seu mais recente trabalho, Tabar\u00e9 Leyton &#8211; Vol. 1, \u00e1lbum que recebeu o pr\u00eamio Grafite do Uruguai de \u201cMelhor \u00c1lbum de Tango\u201d em sua \u00faltima edi\u00e7\u00e3o. &nbsp; Tabar\u00e9 celebrar\u00e1 [&hellip;]<\/p>\n","protected":false},"author":7,"featured_media":20591,"comment_status":"closed","ping_status":"closed","sticky":false,"template":"","format":"standard","meta":{"footnotes":""},"categories":[218],"tags":[],"class_list":["post-20593","post","type-post","status-publish","format-standard","has-post-thumbnail","hentry","category-noticias-generales-pt"],"lang":"pt","translations":{"pt":20593,"es":20590},"pll_sync_post":[],"post_mailing_queue_ids":[],"_links":{"self":[{"href":"http:\/\/staging.ibermusicas.org\/index.php\/wp-json\/wp\/v2\/posts\/20593","targetHints":{"allow":["GET"]}}],"collection":[{"href":"http:\/\/staging.ibermusicas.org\/index.php\/wp-json\/wp\/v2\/posts"}],"about":[{"href":"http:\/\/staging.ibermusicas.org\/index.php\/wp-json\/wp\/v2\/types\/post"}],"author":[{"embeddable":true,"href":"http:\/\/staging.ibermusicas.org\/index.php\/wp-json\/wp\/v2\/users\/7"}],"replies":[{"embeddable":true,"href":"http:\/\/staging.ibermusicas.org\/index.php\/wp-json\/wp\/v2\/comments?post=20593"}],"version-history":[{"count":2,"href":"http:\/\/staging.ibermusicas.org\/index.php\/wp-json\/wp\/v2\/posts\/20593\/revisions"}],"predecessor-version":[{"id":20595,"href":"http:\/\/staging.ibermusicas.org\/index.php\/wp-json\/wp\/v2\/posts\/20593\/revisions\/20595"}],"wp:featuredmedia":[{"embeddable":true,"href":"http:\/\/staging.ibermusicas.org\/index.php\/wp-json\/wp\/v2\/media\/20591"}],"wp:attachment":[{"href":"http:\/\/staging.ibermusicas.org\/index.php\/wp-json\/wp\/v2\/media?parent=20593"}],"wp:term":[{"taxonomy":"category","embeddable":true,"href":"http:\/\/staging.ibermusicas.org\/index.php\/wp-json\/wp\/v2\/categories?post=20593"},{"taxonomy":"post_tag","embeddable":true,"href":"http:\/\/staging.ibermusicas.org\/index.php\/wp-json\/wp\/v2\/tags?post=20593"}],"curies":[{"name":"wp","href":"https:\/\/api.w.org\/{rel}","templated":true}]}}