{"id":20597,"date":"2024-10-29T20:11:00","date_gmt":"2024-10-29T20:11:00","guid":{"rendered":"http:\/\/staging.ibermusicas.org\/?p=20597"},"modified":"2024-12-04T14:49:37","modified_gmt":"2024-12-04T14:49:37","slug":"el-sexteto-vocal-mexicano-tuumben-paax-se-presentara-en-noviembre-a-santiago-valparaiso-y-vina-del-mar-en-chile","status":"publish","type":"post","link":"http:\/\/staging.ibermusicas.org\/index.php\/el-sexteto-vocal-mexicano-tuumben-paax-se-presentara-en-noviembre-a-santiago-valparaiso-y-vina-del-mar-en-chile\/","title":{"rendered":"El sexteto vocal mexicano T\u00faumben Paax se presentar\u00e1\u00a0 en noviembre a Santiago, Valpara\u00edso y Vi\u00f1a del Mar, en Chile"},"content":{"rendered":"<p>T\u00faumben Paax es un sexteto vocal femenino que ofrece al p\u00fablico joven una experiencia sonora nueva. Vincula al p\u00fablico con tem\u00e1ticas socioculturales actuales expresadas en un lenguaje sonoro original. A la fecha, T\u00faumben Paax ha hecho m\u00e1s de 50 estrenos mundiales de obras compuestas especialmente para la agrupaci\u00f3n por compositores mexicanos y extranjeros.<\/p>\n<p>En el a\u00f1o 2012 obtuvo la medalla de oro en la categor\u00eda de m\u00fasica contempor\u00e1nea y \u201cEl David de oro\u201d, premio al mejor coro en el Festival Internacional de Coros de Florencia, Italia; en 2013 obtuvo medalla de oro en el sexto concurso de Ensambles Vocales de Fukushima, Jap\u00f3n; en el a\u00f1o 2014 fue nombrado \u201cEmbajador\u201d de la Federaci\u00f3n Internacional para la M\u00fasica Coral.<\/p>\n<p>T\u00faumben Paax contin\u00faa su internacionalizaci\u00f3n, en este caso con presentaciones en Chile en el marco de una ayuda a la circulaci\u00f3n otorgada por Iberm\u00fasicas. Este sexteto femenino ha mantenido un intenso ritmo de recitales, conciertos y presentaciones durante todo este a\u00f1o como parte de la celebraci\u00f3n de 18 a\u00f1os de haberse conformado.<\/p>\n<p>Este a\u00f1o participar\u00e1n en la edici\u00f3n XXXIII del Festival de M\u00fasica Contempor\u00e1nea de la Universidad Cat\u00f3lica de Chile, uno de los festivales de m\u00fasica contempor\u00e1nea m\u00e1s importantes de Latinoam\u00e9rica. T\u00faumben Paax ha colaborado con el Estudio Coral Violeta, de Chile en la organizaci\u00f3n de la gira, donde presentan, esencialmente, m\u00fasica mexicana.<\/p>\n<p>Estrenar\u00e1n para estos eventos, una obra de Lucia Ronchetti, compositora italiana con una obra compuesta para seis voces femeninas y una obra de Alejandro Romero, \u201cD\u00e9bora en el pliegue\u201d para 6 voces y cinta electr\u00f3nica pre grabada. Presentar\u00e1n adem\u00e1s el programa \u201cEntre la permanencia y la fugacidad\u201d formado por piezas que reflexionan sobre el paso del tiempo y de la vida.<\/p>\n<p>T\u00faumben Paax ha tenido una agenda llena de espect\u00e1culos mostrando su versatilidad al interpretar distintos repertorios en sus conciertos, recitales y presentaciones especiales, enalteciendo el nombre de M\u00e9xico con esa \u201cm\u00fasica viva\u201d que les ha llevado a infinidad de escenarios en M\u00e9xico y el mundo.<\/p>\n<p>T\u00faumben Paax est\u00e1 integrado por: Ethel Gonz\u00e1lez Horta, directora art\u00edstica; Luc\u00eda Olmos, soprano y directora general; Lorena Barranco, soprano, Carmen Contreras, soprano; Mitzy Ch\u00e1vez, mezzosoprano; Itzel Serv\u00edn, mezzosoprano y Tatiana Burgos De Santiago, contralto.<\/p>\n<p>&nbsp;<\/p>\n<ul>\n<li>S\u00e1bado 2 de noviembre, 17h30: Concierto \u201cEntre la permanencia y la fugacidad\u201d en la Iglesia de San Francisco. Valpara\u00edso, Chile.<\/li>\n<li>Domingo 3 de noviembre, 12h: Concierto \u201cEntre la permanencia y la fugacidad\u201d en el Club \u00c1rabe de Vi\u00f1a del Mar, Chile. Entre la permanencia y la fugacidad<\/li>\n<li>Lunes 4 de noviembre, 12h: Clase magistral en el auditorio de la carrera de m\u00fasica de la Universidad de Valpara\u00edso, Chile.<\/li>\n<li>Martes 5 de noviembre, 19h30: Concierto con obras de Obras de Lucia Ronchetti y Alejandro Romero en el XXXIII Festival de M\u00fasica Contempor\u00e1nea UC 2024,Centro Cultural Gabriela Mistral. Santiago, Chile.<\/li>\n<\/ul>\n","protected":false},"excerpt":{"rendered":"<p>T\u00faumben Paax es un sexteto vocal femenino que ofrece al p\u00fablico joven una experiencia sonora nueva. Vincula al p\u00fablico con tem\u00e1ticas socioculturales actuales expresadas en un lenguaje sonoro original. A la fecha, T\u00faumben Paax ha hecho m\u00e1s de 50 estrenos mundiales de obras compuestas especialmente para la agrupaci\u00f3n por compositores mexicanos y extranjeros. En el [&hellip;]<\/p>\n","protected":false},"author":7,"featured_media":20598,"comment_status":"closed","ping_status":"closed","sticky":false,"template":"","format":"standard","meta":{"footnotes":""},"categories":[53],"tags":[],"class_list":["post-20597","post","type-post","status-publish","format-standard","has-post-thumbnail","hentry","category-noticias-generales"],"lang":"es","translations":{"es":20597,"pt":20600},"pll_sync_post":[],"post_mailing_queue_ids":[],"_links":{"self":[{"href":"http:\/\/staging.ibermusicas.org\/index.php\/wp-json\/wp\/v2\/posts\/20597","targetHints":{"allow":["GET"]}}],"collection":[{"href":"http:\/\/staging.ibermusicas.org\/index.php\/wp-json\/wp\/v2\/posts"}],"about":[{"href":"http:\/\/staging.ibermusicas.org\/index.php\/wp-json\/wp\/v2\/types\/post"}],"author":[{"embeddable":true,"href":"http:\/\/staging.ibermusicas.org\/index.php\/wp-json\/wp\/v2\/users\/7"}],"replies":[{"embeddable":true,"href":"http:\/\/staging.ibermusicas.org\/index.php\/wp-json\/wp\/v2\/comments?post=20597"}],"version-history":[{"count":1,"href":"http:\/\/staging.ibermusicas.org\/index.php\/wp-json\/wp\/v2\/posts\/20597\/revisions"}],"predecessor-version":[{"id":20599,"href":"http:\/\/staging.ibermusicas.org\/index.php\/wp-json\/wp\/v2\/posts\/20597\/revisions\/20599"}],"wp:featuredmedia":[{"embeddable":true,"href":"http:\/\/staging.ibermusicas.org\/index.php\/wp-json\/wp\/v2\/media\/20598"}],"wp:attachment":[{"href":"http:\/\/staging.ibermusicas.org\/index.php\/wp-json\/wp\/v2\/media?parent=20597"}],"wp:term":[{"taxonomy":"category","embeddable":true,"href":"http:\/\/staging.ibermusicas.org\/index.php\/wp-json\/wp\/v2\/categories?post=20597"},{"taxonomy":"post_tag","embeddable":true,"href":"http:\/\/staging.ibermusicas.org\/index.php\/wp-json\/wp\/v2\/tags?post=20597"}],"curies":[{"name":"wp","href":"https:\/\/api.w.org\/{rel}","templated":true}]}}