{"id":20600,"date":"2024-10-29T20:15:19","date_gmt":"2024-10-29T20:15:19","guid":{"rendered":"http:\/\/staging.ibermusicas.org\/?p=20600"},"modified":"2024-12-04T14:04:57","modified_gmt":"2024-12-04T14:04:57","slug":"o-sexteto-vocal-mexicano-tuumben-paax-se-apresentara-em-novembro-em-santiago-valparaiso-e-vina-del-mar-no-chile","status":"publish","type":"post","link":"http:\/\/staging.ibermusicas.org\/index.php\/o-sexteto-vocal-mexicano-tuumben-paax-se-apresentara-em-novembro-em-santiago-valparaiso-e-vina-del-mar-no-chile\/","title":{"rendered":"O sexteto vocal mexicano T\u00faumben Paax se apresentar\u00e1 em novembro em Santiago, Valpara\u00edso e Vi\u00f1a del Mar, no Chile"},"content":{"rendered":"<p>T\u00faumben Paax \u00e9 um sexteto vocal feminino que oferece ao p\u00fablico jovem uma nova experi\u00eancia sonora. Ele conecta o p\u00fablico com temas socioculturais atuais expressos em uma linguagem sonora original. At\u00e9 o momento, o T\u00faumben Paax realizou mais de 50 estreias mundiais de obras compostas especialmente para o grupo por compositores mexicanos e estrangeiros.<\/p>\n<p>&nbsp;<\/p>\n<p>Em 2012, ganhou a medalha de ouro na categoria de m\u00fasica contempor\u00e2nea e \u201cEl David de oro\u201d, pr\u00eamio para o melhor coro no Festival Internacional de Coros em Floren\u00e7a, It\u00e1lia; em 2013, ganhou a medalha de ouro no sexto concurso de Conjuntos Vocais em Fukushima, Jap\u00e3o; em 2014, foi nomeado \u201cEmbaixador\u201d da Federa\u00e7\u00e3o Internacional de M\u00fasica Coral.<\/p>\n<p>&nbsp;<\/p>\n<p>O T\u00faumben Paax continua sua internacionaliza\u00e7\u00e3o, neste caso com apresenta\u00e7\u00f5es no Chile no \u00e2mbito de uma bolsa de circula\u00e7\u00e3o concedida pelo Iberm\u00fasicas. Esse sexteto totalmente feminino manteve um ritmo intenso de recitais, concertos e apresenta\u00e7\u00f5es ao longo deste ano, como parte da comemora\u00e7\u00e3o dos 18 anos de sua forma\u00e7\u00e3o.<\/p>\n<p>&nbsp;<\/p>\n<p>Este ano, elas participar\u00e3o da XXXIII edi\u00e7\u00e3o do Festival de M\u00fasica Contempor\u00e2nea da Universidade Cat\u00f3lica do Chile, um dos mais importantes festivais de m\u00fasica contempor\u00e2nea da Am\u00e9rica Latina. O T\u00faumben Paax colaborou com o Estudio Coral Violeta, do Chile, na organiza\u00e7\u00e3o da turn\u00ea, na qual apresentar\u00e1, essencialmente, m\u00fasica mexicana.<\/p>\n<p>&nbsp;<\/p>\n<p>Elas estrear\u00e3o para esses eventos uma obra de Lucia Ronchetti, compositora italiana com uma obra composta para seis vozes femininas e uma obra de Alejandro Romero, \u201cD\u00e9bora en el pliegue\u201d para 6 vozes e fita eletr\u00f4nica pr\u00e9-gravada. Elas tamb\u00e9m apresentar\u00e3o o programa \u201cEntre la permanencia y la fugacidad\u201d (Entre a perman\u00eancia e a fugacidade), composto por pe\u00e7as que refletem sobre a passagem do tempo e da vida.<\/p>\n<p>&nbsp;<\/p>\n<p>O T\u00faumben Paax teve uma agenda cheia de shows, mostrando sua versatilidade na execu\u00e7\u00e3o de diferentes repert\u00f3rios em seus concertos, recitais e apresenta\u00e7\u00f5es especiais, exaltando o nome do M\u00e9xico com essa \u201cm\u00fasica viva\u201d que os levou a in\u00fameros palcos no M\u00e9xico e no mundo.<\/p>\n<p>&nbsp;<\/p>\n<p>O T\u00faumben Paax \u00e9 formado por: Ethel Gonz\u00e1lez Horta, diretora art\u00edstica; Luc\u00eda Olmos, soprano e diretora geral; Lorena Barranco, soprano, Carmen Contreras, soprano; Mitzy Ch\u00e1vez, mezzo-soprano; Itzel Serv\u00edn, mezzo-soprano e Tatiana Burgos De Santiago, contralto.<\/p>\n<p>&nbsp;<\/p>\n<ul>\n<li>S\u00e1bado, 2 de novembro, 17h30: Concerto \u201cEntre la permanencia y la fugacidad\u201d na Igreja de San Francisco. Valpara\u00edso, Chile.<\/li>\n<li>Domingo, 3 de novembro, 12h: Concerto \u201cEntre la permanencia y la fugacidad\u201d no Club \u00c1rabe em Vi\u00f1a del Mar, Chile. Entre a perman\u00eancia e a transitoriedade<\/li>\n<li>Segunda-feira, 4 de novembro, 12h: Masterclass no audit\u00f3rio do departamento de m\u00fasica da Universidade de Valpara\u00edso, Chile.<\/li>\n<li>Ter\u00e7a-feira, 5 de novembro, 19h30: Concerto com obras de Lucia Ronchetti e Alejandro Romero no XXXIII Festival de M\u00fasica Contempor\u00e2nea UC 2024, Centro Cultural Gabriela Mistral. Santiago, Chile.<\/li>\n<\/ul>\n","protected":false},"excerpt":{"rendered":"<p>T\u00faumben Paax \u00e9 um sexteto vocal feminino que oferece ao p\u00fablico jovem uma nova experi\u00eancia sonora. Ele conecta o p\u00fablico com temas socioculturais atuais expressos em uma linguagem sonora original. At\u00e9 o momento, o T\u00faumben Paax realizou mais de 50 estreias mundiais de obras compostas especialmente para o grupo por compositores mexicanos e estrangeiros. &nbsp; [&hellip;]<\/p>\n","protected":false},"author":7,"featured_media":20598,"comment_status":"closed","ping_status":"closed","sticky":false,"template":"","format":"standard","meta":{"footnotes":""},"categories":[218],"tags":[],"class_list":["post-20600","post","type-post","status-publish","format-standard","has-post-thumbnail","hentry","category-noticias-generales-pt"],"lang":"pt","translations":{"pt":20600,"es":20597},"pll_sync_post":[],"post_mailing_queue_ids":[],"_links":{"self":[{"href":"http:\/\/staging.ibermusicas.org\/index.php\/wp-json\/wp\/v2\/posts\/20600","targetHints":{"allow":["GET"]}}],"collection":[{"href":"http:\/\/staging.ibermusicas.org\/index.php\/wp-json\/wp\/v2\/posts"}],"about":[{"href":"http:\/\/staging.ibermusicas.org\/index.php\/wp-json\/wp\/v2\/types\/post"}],"author":[{"embeddable":true,"href":"http:\/\/staging.ibermusicas.org\/index.php\/wp-json\/wp\/v2\/users\/7"}],"replies":[{"embeddable":true,"href":"http:\/\/staging.ibermusicas.org\/index.php\/wp-json\/wp\/v2\/comments?post=20600"}],"version-history":[{"count":1,"href":"http:\/\/staging.ibermusicas.org\/index.php\/wp-json\/wp\/v2\/posts\/20600\/revisions"}],"predecessor-version":[{"id":20601,"href":"http:\/\/staging.ibermusicas.org\/index.php\/wp-json\/wp\/v2\/posts\/20600\/revisions\/20601"}],"wp:featuredmedia":[{"embeddable":true,"href":"http:\/\/staging.ibermusicas.org\/index.php\/wp-json\/wp\/v2\/media\/20598"}],"wp:attachment":[{"href":"http:\/\/staging.ibermusicas.org\/index.php\/wp-json\/wp\/v2\/media?parent=20600"}],"wp:term":[{"taxonomy":"category","embeddable":true,"href":"http:\/\/staging.ibermusicas.org\/index.php\/wp-json\/wp\/v2\/categories?post=20600"},{"taxonomy":"post_tag","embeddable":true,"href":"http:\/\/staging.ibermusicas.org\/index.php\/wp-json\/wp\/v2\/tags?post=20600"}],"curies":[{"name":"wp","href":"https:\/\/api.w.org\/{rel}","templated":true}]}}