{"id":20602,"date":"2024-10-29T20:21:55","date_gmt":"2024-10-29T20:21:55","guid":{"rendered":"http:\/\/staging.ibermusicas.org\/?p=20602"},"modified":"2024-12-04T14:49:44","modified_gmt":"2024-12-04T14:49:44","slug":"raissa-anastasia-y-regional-realizan-su-primera-gira-internacional-en-londres","status":"publish","type":"post","link":"http:\/\/staging.ibermusicas.org\/index.php\/raissa-anastasia-y-regional-realizan-su-primera-gira-internacional-en-londres\/","title":{"rendered":"Ra\u00edssa Anastasia y Regional realizan su primera gira internacional en Londres"},"content":{"rendered":"<p>El grupo brasile\u00f1o de choro Ra\u00edssa Anastasia se prepara para un importante logro: su debut internacional. Con el apoyo del programa Iberm\u00fasica, el cuarteto har\u00e1 su primera presentaci\u00f3n fuera de Brasil.<\/p>\n<p>Aclamadas por su habilidad musical y por desafiar las normas de g\u00e9nero en la escena cultural, las integrantes de Ra\u00edssa Anastasia e Regional contribuyen a mantener viva la tradici\u00f3n del choro, al tiempo que la renuevan con un toque contempor\u00e1neo. Mezclando sus propias composiciones con reinterpretaciones creativas de cl\u00e1sicos del choro, el grupo ofrece una experiencia \u00fanica que une la tradici\u00f3n de la m\u00fasica brasile\u00f1a con un enfoque moderno. La gira de Londres representa un paso importante en la carrera del grupo y un hito en la internacionalizaci\u00f3n de su m\u00fasica.<\/p>\n<p>Ra\u00edssa Anastasia e Regional es un conjunto de choro formado por Raissa Anastasia (flauta), Bia Nascimento (guitarra), Maria Elisa Pompeu (cavaquinho) y Analu Braga (pandeiro). Juntas pretenden representar y romper los estereotipos de g\u00e9nero en el panorama musical brasile\u00f1o, contribuyendo a la preservaci\u00f3n y renovaci\u00f3n del choro, un g\u00e9nero musical genuinamente brasile\u00f1o. Con un repertorio de autor, reinterpretaciones y un lenguaje musical que dialoga con diferentes estilos, Ra\u00edssa Anastasia y Regional contribuyen a mantener viva la tradici\u00f3n del choro, al tiempo que lo renuevan y lo insertan en nuevos contextos.<\/p>\n<ul>\n<li>3 de noviembre, 20.00 horas, The Harrison Pub, Londres, Reino Unido<\/li>\n<\/ul>\n","protected":false},"excerpt":{"rendered":"<p>El grupo brasile\u00f1o de choro Ra\u00edssa Anastasia se prepara para un importante logro: su debut internacional. Con el apoyo del programa Iberm\u00fasica, el cuarteto har\u00e1 su primera presentaci\u00f3n fuera de Brasil. Aclamadas por su habilidad musical y por desafiar las normas de g\u00e9nero en la escena cultural, las integrantes de Ra\u00edssa Anastasia e Regional contribuyen [&hellip;]<\/p>\n","protected":false},"author":7,"featured_media":20652,"comment_status":"closed","ping_status":"closed","sticky":false,"template":"","format":"standard","meta":{"footnotes":""},"categories":[53],"tags":[],"class_list":["post-20602","post","type-post","status-publish","format-standard","has-post-thumbnail","hentry","category-noticias-generales"],"lang":"es","translations":{"es":20602,"pt":20604},"pll_sync_post":[],"post_mailing_queue_ids":[],"_links":{"self":[{"href":"http:\/\/staging.ibermusicas.org\/index.php\/wp-json\/wp\/v2\/posts\/20602","targetHints":{"allow":["GET"]}}],"collection":[{"href":"http:\/\/staging.ibermusicas.org\/index.php\/wp-json\/wp\/v2\/posts"}],"about":[{"href":"http:\/\/staging.ibermusicas.org\/index.php\/wp-json\/wp\/v2\/types\/post"}],"author":[{"embeddable":true,"href":"http:\/\/staging.ibermusicas.org\/index.php\/wp-json\/wp\/v2\/users\/7"}],"replies":[{"embeddable":true,"href":"http:\/\/staging.ibermusicas.org\/index.php\/wp-json\/wp\/v2\/comments?post=20602"}],"version-history":[{"count":1,"href":"http:\/\/staging.ibermusicas.org\/index.php\/wp-json\/wp\/v2\/posts\/20602\/revisions"}],"predecessor-version":[{"id":20603,"href":"http:\/\/staging.ibermusicas.org\/index.php\/wp-json\/wp\/v2\/posts\/20602\/revisions\/20603"}],"wp:featuredmedia":[{"embeddable":true,"href":"http:\/\/staging.ibermusicas.org\/index.php\/wp-json\/wp\/v2\/media\/20652"}],"wp:attachment":[{"href":"http:\/\/staging.ibermusicas.org\/index.php\/wp-json\/wp\/v2\/media?parent=20602"}],"wp:term":[{"taxonomy":"category","embeddable":true,"href":"http:\/\/staging.ibermusicas.org\/index.php\/wp-json\/wp\/v2\/categories?post=20602"},{"taxonomy":"post_tag","embeddable":true,"href":"http:\/\/staging.ibermusicas.org\/index.php\/wp-json\/wp\/v2\/tags?post=20602"}],"curies":[{"name":"wp","href":"https:\/\/api.w.org\/{rel}","templated":true}]}}