{"id":20604,"date":"2024-10-29T20:25:32","date_gmt":"2024-10-29T20:25:32","guid":{"rendered":"http:\/\/staging.ibermusicas.org\/?p=20604"},"modified":"2024-12-04T14:04:51","modified_gmt":"2024-12-04T14:04:51","slug":"raissa-anastasia-e-regional-realiza-primeira-turne-internacional-em-londres","status":"publish","type":"post","link":"http:\/\/staging.ibermusicas.org\/index.php\/raissa-anastasia-e-regional-realiza-primeira-turne-internacional-em-londres\/","title":{"rendered":"Ra\u00edssa Anastasia e Regional Realiza Primeira Turn\u00ea Internacional em Londres"},"content":{"rendered":"<p>O grupo brasileiro de choro Ra\u00edssa Anastasia se prepara para uma importante conquista: sua estreia internacional. Com o apoio do programa Iberm\u00fasica, o quarteto far\u00e1 sua primeira apresenta\u00e7\u00e3o fora do Brasil.<\/p>\n<p>&nbsp;<\/p>\n<p>Aclamadas por sua habilidade musical e por desafiar as normas de g\u00eanero no cen\u00e1rio cultural, as integrantes do Ra\u00edssa Anastasia e Regional ajudam a manter viva a tradi\u00e7\u00e3o do choro, ao mesmo tempo em que a renovam com um toque contempor\u00e2neo. Misturando composi\u00e7\u00f5es autorais e releituras criativas de cl\u00e1ssicos do choro, o grupo oferece uma experi\u00eancia \u00fanica, que une a tradi\u00e7\u00e3o da m\u00fasica brasileira a uma abordagem moderna. A turn\u00ea em Londres representa um passo importante na trajet\u00f3ria do grupo e um marco na internacionaliza\u00e7\u00e3o de sua m\u00fasica.<\/p>\n<p>&nbsp;<\/p>\n<p>Ra\u00edssa Anastasia e Regional \u00e9 um conjunto de choro formado por Raissa Anast\u00e1sia (flauta), Bia Nascimento (viol\u00e3o), Maria Elisa Pompeu (cavaquinho) e Analu Braga (pandeiro). Juntas buscam representatividade e a quebra de estere\u00f3tipos de g\u00eanero no cen\u00e1rio da m\u00fasica brasileira, contribuindo para a preserva\u00e7\u00e3o e a renova\u00e7\u00e3o do choro, um g\u00eanero musical genuinamente brasileiro. Com um repert\u00f3rio autoral, releituras e uma linguagem musical que dialoga com diferentes estilos, Ra\u00edssa Anastasia e Regional ajudam a manter viva a tradi\u00e7\u00e3o do choro, ao mesmo tempo em que o renovam e o inserem em novos contextos.<\/p>\n<ul>\n<li>3 de novembro, 20h, The Harrison Pub, Londres, Reino Unido<\/li>\n<\/ul>\n","protected":false},"excerpt":{"rendered":"<p>O grupo brasileiro de choro Ra\u00edssa Anastasia se prepara para uma importante conquista: sua estreia internacional. Com o apoio do programa Iberm\u00fasica, o quarteto far\u00e1 sua primeira apresenta\u00e7\u00e3o fora do Brasil. &nbsp; Aclamadas por sua habilidade musical e por desafiar as normas de g\u00eanero no cen\u00e1rio cultural, as integrantes do Ra\u00edssa Anastasia e Regional ajudam [&hellip;]<\/p>\n","protected":false},"author":7,"featured_media":20653,"comment_status":"closed","ping_status":"closed","sticky":false,"template":"","format":"standard","meta":{"footnotes":""},"categories":[218],"tags":[],"class_list":["post-20604","post","type-post","status-publish","format-standard","has-post-thumbnail","hentry","category-noticias-generales-pt"],"lang":"pt","translations":{"pt":20604,"es":20602},"pll_sync_post":[],"post_mailing_queue_ids":[],"_links":{"self":[{"href":"http:\/\/staging.ibermusicas.org\/index.php\/wp-json\/wp\/v2\/posts\/20604","targetHints":{"allow":["GET"]}}],"collection":[{"href":"http:\/\/staging.ibermusicas.org\/index.php\/wp-json\/wp\/v2\/posts"}],"about":[{"href":"http:\/\/staging.ibermusicas.org\/index.php\/wp-json\/wp\/v2\/types\/post"}],"author":[{"embeddable":true,"href":"http:\/\/staging.ibermusicas.org\/index.php\/wp-json\/wp\/v2\/users\/7"}],"replies":[{"embeddable":true,"href":"http:\/\/staging.ibermusicas.org\/index.php\/wp-json\/wp\/v2\/comments?post=20604"}],"version-history":[{"count":1,"href":"http:\/\/staging.ibermusicas.org\/index.php\/wp-json\/wp\/v2\/posts\/20604\/revisions"}],"predecessor-version":[{"id":20605,"href":"http:\/\/staging.ibermusicas.org\/index.php\/wp-json\/wp\/v2\/posts\/20604\/revisions\/20605"}],"wp:featuredmedia":[{"embeddable":true,"href":"http:\/\/staging.ibermusicas.org\/index.php\/wp-json\/wp\/v2\/media\/20653"}],"wp:attachment":[{"href":"http:\/\/staging.ibermusicas.org\/index.php\/wp-json\/wp\/v2\/media?parent=20604"}],"wp:term":[{"taxonomy":"category","embeddable":true,"href":"http:\/\/staging.ibermusicas.org\/index.php\/wp-json\/wp\/v2\/categories?post=20604"},{"taxonomy":"post_tag","embeddable":true,"href":"http:\/\/staging.ibermusicas.org\/index.php\/wp-json\/wp\/v2\/tags?post=20604"}],"curies":[{"name":"wp","href":"https:\/\/api.w.org\/{rel}","templated":true}]}}