{"id":20611,"date":"2024-10-29T20:32:28","date_gmt":"2024-10-29T20:32:28","guid":{"rendered":"http:\/\/staging.ibermusicas.org\/?p=20611"},"modified":"2024-12-04T14:49:55","modified_gmt":"2024-12-04T14:49:55","slug":"aiace-inicia-conexiones-afro-latinas-sua-tournee-pela-colombia-e-pelo-mexico","status":"publish","type":"post","link":"http:\/\/staging.ibermusicas.org\/index.php\/aiace-inicia-conexiones-afro-latinas-sua-tournee-pela-colombia-e-pelo-mexico\/","title":{"rendered":"Aiace inicia \u00abConexiones Afro Latinas\u00bb sua tourn\u00e9e pela Col\u00f4mbia e pelo M\u00e9xico"},"content":{"rendered":"<p>Cantautora de Salvador de Bah\u00eda, Aiace mezcla elementos de la m\u00fasica Popular Brasile\u00f1a, del Jazz, Pop y Rock, en di\u00e1logo con sus ra\u00edces ancestrales afro bahianas.<\/p>\n<p>En sus canciones canta sobre temas atemporales, transportando al oyente a un lugar lleno de matices y texturas, vestido por la dulzura y expresividad de su voz e interpretaciones sorprendentes.<\/p>\n<p>Graduada en canto en la Escuela de M\u00fasica de la Universidad Federal de Bah\u00eda, es vocalista y una de las fundadoras del grupo Sertan\u00edlia creado en 2010, con el que tiene dos discos lanzados Tambi\u00e9n presenta su trabajo solista. Posee dos \u00e1lbumes solista\u00a0 \u00abDentro Ali\u00bb (2017) y\u00a0 \u00abEu Andava Como Se Fosse Voar\u00bb (2023).<\/p>\n<p>El nuevo show de Aiace cuenta con canciones originales, como \u00abQuando As Luzes Se Apagam\u00bb; reinterpretaciones, como \u00abSe Voc\u00ea Se For\u00bb, \u00e9xito de Timbalada y \u00abJornada do Prazer\u00bb, compuesta por Gonzaguinha, adem\u00e1s de colaboraciones con otros compositores y reiterpretaciones de canciones de alcance global; presentando un repertorio vibrante, que comunica con su tiempo, conecta al oyente con las ra\u00edces de la m\u00fasica brasile\u00f1a e inspira transformaciones sociales.<\/p>\n<p>Como sonido, Aiace trae el nuevo MPB con un especial \u00e9nfasis afrobahiano, a trav\u00e9s de ritmos como ijex\u00e1 y Vassi, adem\u00e1s de dialogar con otros g\u00e9neros musicales de m\u00fasica \u00abSertaneza\u00bb, como Coco y Bai\u00e3o, y g\u00e9neros m\u00e1s universales, como el rock y el rap.<\/p>\n<p>El espect\u00e1culo, que llega M\u00e9xico gracias al apoyo de Iberm\u00fasicas, cuenta con proyecciones audiovisuales que comunican visualmente las inquietudes musicales de Aiace e ilustran las canciones, creando una experiencia a\u00fan m\u00e1s completa para quienes miran el espect\u00e1culo.<\/p>\n<p>&nbsp;<\/p>\n<ul>\n<li>8 de noviembre, 21h: Jazzland, Puebla, M\u00e9xico<\/li>\n<li>9 de noviembre, Zinco Jazz Club, Ciudad de M\u00e9xico<\/li>\n<li>14 de noviembre de 2024, Sala Mayor del Museo de Arte Abstracto Manuel Felgu\u00e9rez, Festival de Jazz y Blues de Zacatecas, M\u00e9xico<\/li>\n<\/ul>\n","protected":false},"excerpt":{"rendered":"<p>Cantautora de Salvador de Bah\u00eda, Aiace mezcla elementos de la m\u00fasica Popular Brasile\u00f1a, del Jazz, Pop y Rock, en di\u00e1logo con sus ra\u00edces ancestrales afro bahianas. En sus canciones canta sobre temas atemporales, transportando al oyente a un lugar lleno de matices y texturas, vestido por la dulzura y expresividad de su voz e interpretaciones [&hellip;]<\/p>\n","protected":false},"author":7,"featured_media":20612,"comment_status":"closed","ping_status":"closed","sticky":false,"template":"","format":"standard","meta":{"footnotes":""},"categories":[53],"tags":[],"class_list":["post-20611","post","type-post","status-publish","format-standard","has-post-thumbnail","hentry","category-noticias-generales"],"lang":"es","translations":{"es":20611,"pt":20614},"pll_sync_post":[],"post_mailing_queue_ids":[],"_links":{"self":[{"href":"http:\/\/staging.ibermusicas.org\/index.php\/wp-json\/wp\/v2\/posts\/20611","targetHints":{"allow":["GET"]}}],"collection":[{"href":"http:\/\/staging.ibermusicas.org\/index.php\/wp-json\/wp\/v2\/posts"}],"about":[{"href":"http:\/\/staging.ibermusicas.org\/index.php\/wp-json\/wp\/v2\/types\/post"}],"author":[{"embeddable":true,"href":"http:\/\/staging.ibermusicas.org\/index.php\/wp-json\/wp\/v2\/users\/7"}],"replies":[{"embeddable":true,"href":"http:\/\/staging.ibermusicas.org\/index.php\/wp-json\/wp\/v2\/comments?post=20611"}],"version-history":[{"count":1,"href":"http:\/\/staging.ibermusicas.org\/index.php\/wp-json\/wp\/v2\/posts\/20611\/revisions"}],"predecessor-version":[{"id":20613,"href":"http:\/\/staging.ibermusicas.org\/index.php\/wp-json\/wp\/v2\/posts\/20611\/revisions\/20613"}],"wp:featuredmedia":[{"embeddable":true,"href":"http:\/\/staging.ibermusicas.org\/index.php\/wp-json\/wp\/v2\/media\/20612"}],"wp:attachment":[{"href":"http:\/\/staging.ibermusicas.org\/index.php\/wp-json\/wp\/v2\/media?parent=20611"}],"wp:term":[{"taxonomy":"category","embeddable":true,"href":"http:\/\/staging.ibermusicas.org\/index.php\/wp-json\/wp\/v2\/categories?post=20611"},{"taxonomy":"post_tag","embeddable":true,"href":"http:\/\/staging.ibermusicas.org\/index.php\/wp-json\/wp\/v2\/tags?post=20611"}],"curies":[{"name":"wp","href":"https:\/\/api.w.org\/{rel}","templated":true}]}}