{"id":20614,"date":"2024-10-29T20:35:48","date_gmt":"2024-10-29T20:35:48","guid":{"rendered":"http:\/\/staging.ibermusicas.org\/?p=20614"},"modified":"2024-12-04T14:00:52","modified_gmt":"2024-12-04T14:00:52","slug":"aiace-inicia-su-gira-conexiones-afro-latinas-por-colombia-y-mexico","status":"publish","type":"post","link":"http:\/\/staging.ibermusicas.org\/index.php\/aiace-inicia-su-gira-conexiones-afro-latinas-por-colombia-y-mexico\/","title":{"rendered":"Aiace inicia su gira \u00abConexiones Afro Latinas\u00bb por Colombia y M\u00e9xico"},"content":{"rendered":"<p>Cantautora baiana, Aiace mescla elementos da M\u00fasica Popular Brasileira, do Jazz, Pop e Rock, em di\u00e1logo com suas ra\u00edzes ancestrais afro-baianas.<\/p>\n<p>Em suas can\u00e7\u00f5es, ela canta sobre temas atemporais, transportando o ouvinte para um lugar cheio de nuances e texturas, revestidas pela do\u00e7ura e expressividade de sua voz e interpreta\u00e7\u00f5es surpreendentes.<\/p>\n<p>\u00c9 graduada em Canto na Escola de M\u00fasica da UFBA, \u00e9 vocalista e uma das fundadoras do grupo Sertan\u00edlia, criado em 2010, com o qual j\u00e1 lan\u00e7ou dois \u00e1lbuns. Tamb\u00e9m apresenta seu trabalho solo. Possui dois \u00e1lbuns lan\u00e7ados: \u00abDentro Ali\u00bb (2017) e \u00abEu Andava Como Se Fosse Voar\u00bb (2023).<\/p>\n<p>O novo show de Aiace conta com can\u00e7\u00f5es autorais, como \u00abQuando As Luzes Se Apagam\u00bb; releituras, como \u00abSe Voc\u00ea Se For\u00bb, sucesso da Timbalada e \u00abJornada do Prazer\u00bb, composta por Gonzaguinha, al\u00e9m de parcerias com outros compositores; Aiace apresenta um repert\u00f3rio vibrante, que comunica com o seu tempo, conecta o ouvinte com as ra\u00edzes da m\u00fasica brasileira e inspira transforma\u00e7\u00f5es sociais.<\/p>\n<p>Enquanto sonoridade, o Aiace traz a nova-MPB com um destaque especial afro-baiano, atrav\u00e9s de ritmos como o ijex\u00e1 e o Vassi, al\u00e9m de dialogar com outros g\u00eaneros musicais da m\u00fasica \u00absertaneza\u00bb, como o Coco e o Bai\u00e3o, e g\u00eaneros mais universais como o Rock e o Pop.<\/p>\n<p>O show, que chega ao M\u00e9xico gra\u00e7as ao apoio do Iberm\u00fasicas, conta com proje\u00e7\u00f5es audiovisuais que comunicam visualmente as preocupa\u00e7\u00f5es musicais da\u00a0 Aiace e ilustram as can\u00e7\u00f5es, criando uma experi\u00eancia ainda mais completa para quem assiste ao espet\u00e1culo.<\/p>\n<ul>\n<li>8 de novembro, 21h: Jazzland, Puebla, M\u00e9xico<\/li>\n<li>9 de novembro, Zinco Jazz Club, Cidade do M\u00e9xico, M\u00e9xico<\/li>\n<li>14 de novembro de 2024, Sala Mayor del Museo de Arte Abstracto Manuel Felgu\u00e9rez, Zacatecas Jazz and Blues Festival, Zacatecas, M\u00e9xico<\/li>\n<\/ul>\n","protected":false},"excerpt":{"rendered":"<p>Cantautora baiana, Aiace mescla elementos da M\u00fasica Popular Brasileira, do Jazz, Pop e Rock, em di\u00e1logo com suas ra\u00edzes ancestrais afro-baianas. Em suas can\u00e7\u00f5es, ela canta sobre temas atemporais, transportando o ouvinte para um lugar cheio de nuances e texturas, revestidas pela do\u00e7ura e expressividade de sua voz e interpreta\u00e7\u00f5es surpreendentes. \u00c9 graduada em Canto [&hellip;]<\/p>\n","protected":false},"author":7,"featured_media":20612,"comment_status":"closed","ping_status":"closed","sticky":false,"template":"","format":"standard","meta":{"footnotes":""},"categories":[218],"tags":[],"class_list":["post-20614","post","type-post","status-publish","format-standard","has-post-thumbnail","hentry","category-noticias-generales-pt"],"lang":"pt","translations":{"pt":20614,"es":20611},"pll_sync_post":[],"post_mailing_queue_ids":[],"_links":{"self":[{"href":"http:\/\/staging.ibermusicas.org\/index.php\/wp-json\/wp\/v2\/posts\/20614","targetHints":{"allow":["GET"]}}],"collection":[{"href":"http:\/\/staging.ibermusicas.org\/index.php\/wp-json\/wp\/v2\/posts"}],"about":[{"href":"http:\/\/staging.ibermusicas.org\/index.php\/wp-json\/wp\/v2\/types\/post"}],"author":[{"embeddable":true,"href":"http:\/\/staging.ibermusicas.org\/index.php\/wp-json\/wp\/v2\/users\/7"}],"replies":[{"embeddable":true,"href":"http:\/\/staging.ibermusicas.org\/index.php\/wp-json\/wp\/v2\/comments?post=20614"}],"version-history":[{"count":1,"href":"http:\/\/staging.ibermusicas.org\/index.php\/wp-json\/wp\/v2\/posts\/20614\/revisions"}],"predecessor-version":[{"id":20615,"href":"http:\/\/staging.ibermusicas.org\/index.php\/wp-json\/wp\/v2\/posts\/20614\/revisions\/20615"}],"wp:featuredmedia":[{"embeddable":true,"href":"http:\/\/staging.ibermusicas.org\/index.php\/wp-json\/wp\/v2\/media\/20612"}],"wp:attachment":[{"href":"http:\/\/staging.ibermusicas.org\/index.php\/wp-json\/wp\/v2\/media?parent=20614"}],"wp:term":[{"taxonomy":"category","embeddable":true,"href":"http:\/\/staging.ibermusicas.org\/index.php\/wp-json\/wp\/v2\/categories?post=20614"},{"taxonomy":"post_tag","embeddable":true,"href":"http:\/\/staging.ibermusicas.org\/index.php\/wp-json\/wp\/v2\/tags?post=20614"}],"curies":[{"name":"wp","href":"https:\/\/api.w.org\/{rel}","templated":true}]}}