{"id":20616,"date":"2024-10-29T20:39:16","date_gmt":"2024-10-29T20:39:16","guid":{"rendered":"http:\/\/staging.ibermusicas.org\/?p=20616"},"modified":"2024-12-04T14:50:02","modified_gmt":"2024-12-04T14:50:02","slug":"con-varias-presentaciones-en-portugal-continua-la-gira-del-duo-brasileno-livia-fred-de-brasil","status":"publish","type":"post","link":"http:\/\/staging.ibermusicas.org\/index.php\/con-varias-presentaciones-en-portugal-continua-la-gira-del-duo-brasileno-livia-fred-de-brasil\/","title":{"rendered":"Con varias presentaciones en Portugal, contin\u00faa la gira del d\u00fao brasile\u00f1o L\u00edvia &#038; Fred de Brasil"},"content":{"rendered":"<p>Cl\u00e1sico y contempor\u00e1neo, popular y erudito, de Brasil y del mundo, tan experimental como tierno, el viaje sonoro trazado por L\u00edvia &amp; Fred cautiva al p\u00fablico all\u00e1 donde va.<\/p>\n<p>Por invitaci\u00f3n del Teatro Municipal de Vila Real (Portugal), se realizar\u00e1 el estreno de un proyecto in\u00e9dito, fruto del encuentro entre el d\u00fao brasile\u00f1o L\u00edvia Nestrovski (voz) &amp; Fred Ferreira (guitarras) y el grupo portugu\u00e9s Ensemble Oniros, formado por piano, clarinete\/clarone, viol\u00edn y percusi\u00f3n. Habr\u00e1 diez piezas\/canciones, cinco brasile\u00f1as y cinco portuguesas, todas compuestas o arregladas especialmente para este grupo.<\/p>\n<p>Compa\u00f1eros desde hace 15 a\u00f1os, publicaron el \u00e1lbum DUO (2013) y han actuado en m\u00e1s de 20 pa\u00edses en frecuentes giras, en diversos escenarios que van desde el Amazonas hasta el Monte L\u00edbano; desde festivales literarios en ciudades medievales hasta aldeas ind\u00edgenas del interior de Brasil; desde la feria de moda m\u00e1s emblem\u00e1tica de Am\u00e9rica Latina hasta el mayor festival de m\u00fasica brasile\u00f1a en Nueva York; desde grandes salas de conciertos hasta zonas rurales del Brasil profundo.<\/p>\n<p>En 2017 actuaron en la \u00d3pera de Damasco en un concierto organizado por Itamaraty, siendo los primeros m\u00fasicos brasile\u00f1os en pisar suelo sirio desde el inicio de los conflictos. En 2018 interpretaron la banda sonora en directo del desfile \u00abAs Mudas\u00bb de Ronaldo Fraga para la Semana de la Moda de S\u00e3o Paulo, considerada \u00abla mayor pieza de moda de esta edici\u00f3n de SPFW\u00bb por Folha de S. Paulo.<\/p>\n<p>La propuesta de L\u00edvia &amp; Fred ha sido elegida como ganadora de las Ayudas a la Circulaci\u00f3n del Programa Iberm\u00fasicas en las convocatorias de 2018 y 2023.<\/p>\n<ul>\n<li>8 de noviembre: Teatro A Moagem, Fund\u00e3o, Portugal<\/li>\n<li>9 de noviembre: Teatro Cine Gouveia, Gouveia, Portugal<\/li>\n<li>16 de noviembre, 21h30: Concierto con Ensemble Oniros, Grande Audit\u00f3rio, Teatro Municipal de Vila Real, Portugal. Estreno mundial de piezas escritas especialmente para el gru<\/li>\n<\/ul>\n","protected":false},"excerpt":{"rendered":"<p>Cl\u00e1sico y contempor\u00e1neo, popular y erudito, de Brasil y del mundo, tan experimental como tierno, el viaje sonoro trazado por L\u00edvia &amp; Fred cautiva al p\u00fablico all\u00e1 donde va. Por invitaci\u00f3n del Teatro Municipal de Vila Real (Portugal), se realizar\u00e1 el estreno de un proyecto in\u00e9dito, fruto del encuentro entre el d\u00fao brasile\u00f1o L\u00edvia Nestrovski [&hellip;]<\/p>\n","protected":false},"author":7,"featured_media":20617,"comment_status":"closed","ping_status":"closed","sticky":false,"template":"","format":"standard","meta":{"footnotes":""},"categories":[53],"tags":[],"class_list":["post-20616","post","type-post","status-publish","format-standard","has-post-thumbnail","hentry","category-noticias-generales"],"lang":"es","translations":{"es":20616,"pt":20619},"pll_sync_post":[],"post_mailing_queue_ids":[],"_links":{"self":[{"href":"http:\/\/staging.ibermusicas.org\/index.php\/wp-json\/wp\/v2\/posts\/20616","targetHints":{"allow":["GET"]}}],"collection":[{"href":"http:\/\/staging.ibermusicas.org\/index.php\/wp-json\/wp\/v2\/posts"}],"about":[{"href":"http:\/\/staging.ibermusicas.org\/index.php\/wp-json\/wp\/v2\/types\/post"}],"author":[{"embeddable":true,"href":"http:\/\/staging.ibermusicas.org\/index.php\/wp-json\/wp\/v2\/users\/7"}],"replies":[{"embeddable":true,"href":"http:\/\/staging.ibermusicas.org\/index.php\/wp-json\/wp\/v2\/comments?post=20616"}],"version-history":[{"count":1,"href":"http:\/\/staging.ibermusicas.org\/index.php\/wp-json\/wp\/v2\/posts\/20616\/revisions"}],"predecessor-version":[{"id":20618,"href":"http:\/\/staging.ibermusicas.org\/index.php\/wp-json\/wp\/v2\/posts\/20616\/revisions\/20618"}],"wp:featuredmedia":[{"embeddable":true,"href":"http:\/\/staging.ibermusicas.org\/index.php\/wp-json\/wp\/v2\/media\/20617"}],"wp:attachment":[{"href":"http:\/\/staging.ibermusicas.org\/index.php\/wp-json\/wp\/v2\/media?parent=20616"}],"wp:term":[{"taxonomy":"category","embeddable":true,"href":"http:\/\/staging.ibermusicas.org\/index.php\/wp-json\/wp\/v2\/categories?post=20616"},{"taxonomy":"post_tag","embeddable":true,"href":"http:\/\/staging.ibermusicas.org\/index.php\/wp-json\/wp\/v2\/tags?post=20616"}],"curies":[{"name":"wp","href":"https:\/\/api.w.org\/{rel}","templated":true}]}}