{"id":20621,"date":"2024-10-29T20:46:39","date_gmt":"2024-10-29T20:46:39","guid":{"rendered":"http:\/\/staging.ibermusicas.org\/?p=20621"},"modified":"2024-10-29T20:46:39","modified_gmt":"2024-10-29T20:46:39","slug":"el-pianista-mexicano-santiago-pineirua-se-presentara-en-la-la-associacio-de-concerts-de-reus-espana","status":"publish","type":"post","link":"http:\/\/staging.ibermusicas.org\/index.php\/el-pianista-mexicano-santiago-pineirua-se-presentara-en-la-la-associacio-de-concerts-de-reus-espana\/","title":{"rendered":"El pianista mexicano Santiago Pi\u00f1eir\u00faa se presentar\u00e1 en la la Associaci\u00f3 de Concerts de Reus, Espa\u00f1a"},"content":{"rendered":"<p>Santiago Pi\u00f1eir\u00faa ingres\u00f3 al grupo de Concertistas de Bellas Artes en 2010. Se ha destacado por ser uno de los pianistas m\u00e1s activos de M\u00e9xico, contando con una trayectoria de relevancia nacional e internacional. Aparece con regularidad en importantes escenarios de su pa\u00eds y el extranjero como solista, en conciertos de m\u00fasica de c\u00e1mara y con importantes orquestas. Entre algunos de los directores con los que ha trabajado figuran los maestros Marc Moncusi, Jos\u00e9 Guadalupe Flores, Jes\u00fas Medina, Lanfranco Marcelletti, Sylvain Gasanz\u00f3n, Ludwig, Carrasco, Gustavo Rivero Weber, entre otros.<\/p>\n<p>Sus presentaciones en el extranjero incluyen importantes escenarios de Estados Unidos, Espa\u00f1a, Francia, Inglaterra, Italia, Austria, Rep\u00fablica Checa, Hungr\u00eda, Chile, Uruguay, Argentina, Argelia, T\u00fanez y Egipto. Ha trabajado con destacados m\u00fasicos mexicanos y extranjeros como Brian Lewis, Ville Kivivuori, Manuel Ramos, Mauricio N\u00e1der, Rosa Mar\u00eda Diez y Carlos Prieto. En 2017 se present\u00f3 en la \u00d3pera del Cairo en Egipto junto a la soprano mexicana Zulyamir Lopezr\u00edos y en el Carnegie Hall de Nueva York, con la violonchelista estadounidense Elizabeth Mikhael.<\/p>\n<p>En 2011, Santiago Pi\u00f1eir\u00faa recibi\u00f3 del Gobierno Federal el Premio Nacional de la Juventud por su destacada trayectoria en la categor\u00eda de expresiones art\u00edsticas. Ha sido tambi\u00e9n beneficiario en varias ocasiones del Fondo Nacional para la Cultura y las Artes. Dentro de los proyectos que ha realizado con el FONCA destacan la grabaci\u00f3n del disco \u201cM\u00e9xico Actual\u201d (2021) bajo la firma Urtext Digital Classics, que incluye obras nuevas de compositores mexicanos contempor\u00e1neos y la comisi\u00f3n y estreno del Segundo Concierto para piano del compositor Samuel Zyman, bajo la direcci\u00f3n del Maestro Marc Moncus\u00ed y la Orquesta Sinf\u00f3nica de la Universidad Aut\u00f3noma de Nuevo Le\u00f3n en el a\u00f1o 2023.<\/p>\n<p>Durante su infancia se form\u00f3 con el reconocido pianista mexicano Mauricio N\u00e1der. En 2006 recibi\u00f3 el t\u00edtulo de Licenciatura por la Manhattan School of Music de Nueva York, en donde estudi\u00f3 con Nina Svetlanova. En 2009 recibi\u00f3 en la misma instituci\u00f3n el t\u00edtulo de Maestr\u00eda bajo la gu\u00eda del legendario pianista Horacio Guti\u00e9rrez. Actualmente es profesor de piano en la Escuela de Bellas Artes de la Universidad Panamericana.<\/p>\n<p>Estos conciertos de Santiago Pi\u00f1eir\u00faa en Espa\u00f1a son posibles gracias al apoyo del Programa Iberm\u00fasicas mediante sus Ayudas a la Circulaci\u00f3n Internacional, convocatoria 2023.<\/p>\n<ul>\n<li>8 de noviembre: Concierto de piano solo en El Circol, Reus, Espa\u00f1a<\/li>\n<\/ul>\n","protected":false},"excerpt":{"rendered":"<p>Santiago Pi\u00f1eir\u00faa ingres\u00f3 al grupo de Concertistas de Bellas Artes en 2010. Se ha destacado por ser uno de los pianistas m\u00e1s activos de M\u00e9xico, contando con una trayectoria de relevancia nacional e internacional. Aparece con regularidad en importantes escenarios de su pa\u00eds y el extranjero como solista, en conciertos de m\u00fasica de c\u00e1mara y [&hellip;]<\/p>\n","protected":false},"author":7,"featured_media":20622,"comment_status":"closed","ping_status":"closed","sticky":false,"template":"","format":"standard","meta":{"footnotes":""},"categories":[53],"tags":[],"class_list":["post-20621","post","type-post","status-publish","format-standard","has-post-thumbnail","hentry","category-noticias-generales"],"lang":"es","translations":{"es":20621,"pt":20624},"pll_sync_post":[],"post_mailing_queue_ids":[],"_links":{"self":[{"href":"http:\/\/staging.ibermusicas.org\/index.php\/wp-json\/wp\/v2\/posts\/20621","targetHints":{"allow":["GET"]}}],"collection":[{"href":"http:\/\/staging.ibermusicas.org\/index.php\/wp-json\/wp\/v2\/posts"}],"about":[{"href":"http:\/\/staging.ibermusicas.org\/index.php\/wp-json\/wp\/v2\/types\/post"}],"author":[{"embeddable":true,"href":"http:\/\/staging.ibermusicas.org\/index.php\/wp-json\/wp\/v2\/users\/7"}],"replies":[{"embeddable":true,"href":"http:\/\/staging.ibermusicas.org\/index.php\/wp-json\/wp\/v2\/comments?post=20621"}],"version-history":[{"count":1,"href":"http:\/\/staging.ibermusicas.org\/index.php\/wp-json\/wp\/v2\/posts\/20621\/revisions"}],"predecessor-version":[{"id":20623,"href":"http:\/\/staging.ibermusicas.org\/index.php\/wp-json\/wp\/v2\/posts\/20621\/revisions\/20623"}],"wp:featuredmedia":[{"embeddable":true,"href":"http:\/\/staging.ibermusicas.org\/index.php\/wp-json\/wp\/v2\/media\/20622"}],"wp:attachment":[{"href":"http:\/\/staging.ibermusicas.org\/index.php\/wp-json\/wp\/v2\/media?parent=20621"}],"wp:term":[{"taxonomy":"category","embeddable":true,"href":"http:\/\/staging.ibermusicas.org\/index.php\/wp-json\/wp\/v2\/categories?post=20621"},{"taxonomy":"post_tag","embeddable":true,"href":"http:\/\/staging.ibermusicas.org\/index.php\/wp-json\/wp\/v2\/tags?post=20621"}],"curies":[{"name":"wp","href":"https:\/\/api.w.org\/{rel}","templated":true}]}}