{"id":20624,"date":"2024-10-29T21:10:24","date_gmt":"2024-10-29T21:10:24","guid":{"rendered":"http:\/\/staging.ibermusicas.org\/?p=20624"},"modified":"2024-10-29T21:10:24","modified_gmt":"2024-10-29T21:10:24","slug":"o-pianista-mexicano-santiago-pineirua-se-apresentara-na-associacio-de-concerts-de-reus-na-espanha","status":"publish","type":"post","link":"http:\/\/staging.ibermusicas.org\/index.php\/o-pianista-mexicano-santiago-pineirua-se-apresentara-na-associacio-de-concerts-de-reus-na-espanha\/","title":{"rendered":"O pianista mexicano Santiago Pi\u00f1eir\u00faa se apresentar\u00e1 na Associaci\u00f3 de Concerts de Reus, na Espanha"},"content":{"rendered":"<p>Santiago Pi\u00f1eir\u00faa se juntou ao grupo de artistas de concertos Bellas Artes em 2010. Ele tem se destacado como um dos pianistas mais ativos do M\u00e9xico, com uma carreira de relev\u00e2ncia nacional e internacional. Se apresenta regularmente em palcos importantes em seu pa\u00eds e no exterior como solista, em concertos de m\u00fasica de c\u00e2mara e com orquestras importantes. Alguns dos maestros com quem trabalhou incluem Marc Moncusi, Jos\u00e9 Guadalupe Flores, Jes\u00fas Medina, Lanfranco Marcelletti, Sylvain Gasanz\u00f3n, Ludwig Carrasco, Gustavo Rivero Weber, entre outros.<\/p>\n<p>Suas apresenta\u00e7\u00f5es no exterior incluem importantes palcos nos Estados Unidos, Espanha, Fran\u00e7a, Inglaterra, It\u00e1lia, \u00c1ustria, Rep\u00fablica Tcheca, Hungria, Chile, Uruguai, Argentina, Arg\u00e9lia, Tun\u00edsia e Egito. Trabalhou com importantes m\u00fasicos mexicanos e estrangeiros, como Brian Lewis, Ville Kivivuori, Manuel Ramos, Mauricio N\u00e1der, Rosa Mar\u00eda Diez e Carlos Prieto. Em 2017, se apresentou na \u00d3pera do Cairo, no Egito, com a soprano mexicana Zulyamir Lopezr\u00edos e no Carnegie Hall, em Nova York, com a violoncelista americana Elizabeth Mikhael.<\/p>\n<p>Em 2011, Santiago Pi\u00f1eir\u00faa recebeu o Pr\u00eamio Nacional da Juventude do Governo Federal por sua carreira de destaque na categoria de express\u00e3o art\u00edstica. Tamb\u00e9m foi contemplado em v\u00e1rias ocasi\u00f5es com o Fundo Nacional de Cultura e Artes. Entre os projetos que realizou com o FONCA est\u00e3o a grava\u00e7\u00e3o do \u00e1lbum \u201cM\u00e9xico Actual\u201d (2021) sob a Urtext Digital Classics, que inclui novas obras de compositores mexicanos contempor\u00e2neos, e a encomenda e estreia do Segundo Concerto para Piano do compositor Samuel Zyman, conduzido pelo Maestro Marc Moncus\u00ed e a Orquesta Sinf\u00f3nica da Universidad Aut\u00f3noma de Nuevo Le\u00f3n em 2023.<\/p>\n<p>Durante sua inf\u00e2ncia, treinou com o renomado pianista mexicano Mauricio N\u00e1der. Em 2006, recebeu seu diploma de bacharel pela Manhattan School of Music em Nova York, onde estudou com Nina Svetlanova. Em 2009, recebeu o t\u00edtulo de mestre pela mesma institui\u00e7\u00e3o, sob a orienta\u00e7\u00e3o do lend\u00e1rio pianista Horacio Guti\u00e9rrez. Atualmente, \u00e9 professor de piano na Escola de Belas Artes da Universidade Panamericana.<\/p>\n<p>Esses concertos de Santiago Pi\u00f1eir\u00faa na Espanha s\u00e3o poss\u00edveis gra\u00e7as ao apoio do Programa Iberm\u00fasicas por meio de suas Subs\u00eddios \u00e0 Circula\u00e7\u00e3o Internacional, chamada 2023.<\/p>\n<ul>\n<li>8 de novembro: Concerto de piano solo no El Circol, Reus, Espanha.<\/li>\n<\/ul>\n","protected":false},"excerpt":{"rendered":"<p>Santiago Pi\u00f1eir\u00faa se juntou ao grupo de artistas de concertos Bellas Artes em 2010. Ele tem se destacado como um dos pianistas mais ativos do M\u00e9xico, com uma carreira de relev\u00e2ncia nacional e internacional. Se apresenta regularmente em palcos importantes em seu pa\u00eds e no exterior como solista, em concertos de m\u00fasica de c\u00e2mara e [&hellip;]<\/p>\n","protected":false},"author":7,"featured_media":20622,"comment_status":"closed","ping_status":"closed","sticky":false,"template":"","format":"standard","meta":{"footnotes":""},"categories":[218],"tags":[],"class_list":["post-20624","post","type-post","status-publish","format-standard","has-post-thumbnail","hentry","category-noticias-generales-pt"],"lang":"pt","translations":{"pt":20624,"es":20621},"pll_sync_post":[],"post_mailing_queue_ids":[],"_links":{"self":[{"href":"http:\/\/staging.ibermusicas.org\/index.php\/wp-json\/wp\/v2\/posts\/20624","targetHints":{"allow":["GET"]}}],"collection":[{"href":"http:\/\/staging.ibermusicas.org\/index.php\/wp-json\/wp\/v2\/posts"}],"about":[{"href":"http:\/\/staging.ibermusicas.org\/index.php\/wp-json\/wp\/v2\/types\/post"}],"author":[{"embeddable":true,"href":"http:\/\/staging.ibermusicas.org\/index.php\/wp-json\/wp\/v2\/users\/7"}],"replies":[{"embeddable":true,"href":"http:\/\/staging.ibermusicas.org\/index.php\/wp-json\/wp\/v2\/comments?post=20624"}],"version-history":[{"count":1,"href":"http:\/\/staging.ibermusicas.org\/index.php\/wp-json\/wp\/v2\/posts\/20624\/revisions"}],"predecessor-version":[{"id":20625,"href":"http:\/\/staging.ibermusicas.org\/index.php\/wp-json\/wp\/v2\/posts\/20624\/revisions\/20625"}],"wp:featuredmedia":[{"embeddable":true,"href":"http:\/\/staging.ibermusicas.org\/index.php\/wp-json\/wp\/v2\/media\/20622"}],"wp:attachment":[{"href":"http:\/\/staging.ibermusicas.org\/index.php\/wp-json\/wp\/v2\/media?parent=20624"}],"wp:term":[{"taxonomy":"category","embeddable":true,"href":"http:\/\/staging.ibermusicas.org\/index.php\/wp-json\/wp\/v2\/categories?post=20624"},{"taxonomy":"post_tag","embeddable":true,"href":"http:\/\/staging.ibermusicas.org\/index.php\/wp-json\/wp\/v2\/tags?post=20624"}],"curies":[{"name":"wp","href":"https:\/\/api.w.org\/{rel}","templated":true}]}}