{"id":20626,"date":"2024-10-29T21:12:54","date_gmt":"2024-10-29T21:12:54","guid":{"rendered":"http:\/\/staging.ibermusicas.org\/?p=20626"},"modified":"2025-01-19T23:02:44","modified_gmt":"2025-01-19T23:02:44","slug":"comienza-la-residencia-artistica-de-belen-pasqualini-en-el-centro-de-artes-de-aljustrel-portugal","status":"publish","type":"post","link":"http:\/\/staging.ibermusicas.org\/index.php\/comienza-la-residencia-artistica-de-belen-pasqualini-en-el-centro-de-artes-de-aljustrel-portugal\/","title":{"rendered":"Comienza la residencia art\u00edstica de Bel\u00e9n Pasqualini en el centro de artes de Aljustrel, Portugal"},"content":{"rendered":"<p>La cantante, compositora y actriz argentina Bel\u00e9n Pasqualini realizar\u00e1, con el apoyo de Iberm\u00fasicas, una residencia de composici\u00f3n en el centro de artes de Aljustrel, para crear un material discogr\u00e1fico en torno al universo portugu\u00e9s, y en particular, en torno a las costumbres del pueblo minero de Aljustrel, en el Alentejo.<\/p>\n<p>&nbsp;<\/p>\n<p>Cantautora, actriz y creadora multifac\u00e9tica, nacida en Buenos Aires, Argentina. Su recorrido alterna entre los escenarios teatrales nacionales e internacionales, su m\u00fasica, la televisi\u00f3n y lo audiovisual. Recientemente, ganadora de una Beca Fulbright (Nueva York, EEUU), se form\u00f3 a su vez en la U.N.A., recibi\u00e9ndose de la Licenciatura en Artes Dram\u00e1ticas, y estudi\u00f3 con prestigiosos maestros de canto, piano, lenguaje musical, guitarra, actuaci\u00f3n y dramaturgia.<\/p>\n<p>&nbsp;<\/p>\n<p>Pasqualini viene trabajando en el \u00e1mbito profesional, tanto en lo comercial, como en los teatros oficiales e independientes, tanto de la escena porte\u00f1a como de la internacional. En 2017, estren\u00f3 un unipersonal musical \u201cChristiane &#8211; Un Bio-Musical Cient\u00edfico\u201d , un homenaje en vida a su abuela de 102 a\u00f1os, una reconocida investigadora de leucemia, la Dra. Christiane Dosne Pasqualini. La obra se present\u00f3, al d\u00eda de la fecha, m\u00e1s de 450 veces en Argentina, Brasil, Chile, Colombia, Panam\u00e1, M\u00e9xico, Estados Unidos, Espa\u00f1a y Portugal.<\/p>\n<p>&nbsp;<\/p>\n<p>En t\u00e9rminos de su carrera musical, edit\u00f3 3 \u00e1lbumes solistas (\u201cRulera\u201d, \u201cMudar\u201d y \u201cAmar es algo serio\u201d, y 3 en colaboraci\u00f3n con otros artistas (\u201cEhola\u201d, \u201cFaros\u201d, \u201cLo que viste en los jardines\u201d. \u201cMudar\u201d, su segundo disco fue nominado a los Premios Gardel. A su vez, edit\u00f3 varios sencillos de su propia autor\u00eda as\u00ed como en colaboraci\u00f3n con artistas del mundo.<\/p>\n<p>&nbsp;<\/p>\n<p>En lo audiovisual, trabaj\u00f3 en varias series televisivas para Argentina y Latinoam\u00e9rica, as\u00ed como en cortometrajes de Argentina y Estados Unidos, y acaba de finalizar la filmaci\u00f3n de un largometraje documental en la casa museo Bernardo Houssay, antigua morada del Premio Nobel Argentino, Bernardo Houssay. A su vez, est\u00e1 escribiendo el gui\u00f3n de una pel\u00edcula biogr\u00e1fica (biopic) sobre su abuela, Christiane Dosne Pasqualini,<\/p>\n<p>&nbsp;<\/p>\n<p>De prestigiosa trayectoria, Pasqualini recibi\u00f3 numerosos premios por su trabajo. Hace un a\u00f1o, realiz\u00f3 una residencia art\u00edstica en Portugal para escribir y estrenar un proyecto teatral titulado \u201cNa hora da bucha\u201d, un homenaje al canto alentejano y a los mineros de Aljustrel de la zona de Alentejo, Portugal. A su vez, en 2024 estren\u00f3 \u201cEl camino menos transitado\u201d, una \u00f3pera contempor\u00e1nea con m\u00fasica de Facundo Llompart y libro de Pasqualini y Betty Gambartes, quien tambi\u00e9n estuvo a cargo de la direcci\u00f3n general del proyecto. A su vez, dirigi\u00f3 a 4 emblem\u00e1ticas actrices argentinas de trayectoria: Mar\u00eda Rosa Fugazot, Edda Bustamante, Vicky Buchino y Graciela Pal en un espect\u00e1culo en el CCK, titulado \u00abLas Griegas\u00bb.<\/p>\n<p>&nbsp;<\/p>\n<p>Actualmente protagoniza \u00abBenito de la Boca\u00bb en el Teatro de La Ribera del Complejo Teatral de Buenos Aires, Argentina, y est\u00e1 nominada a los Premios Mar\u00eda Guerrero y Premios ACE como Mejor Actuaci\u00f3n, por dicha participaci\u00f3n.<\/p>\n<p>&nbsp;<\/p>\n<p>En paralelo, contin\u00faa componiendo para varios proyectos actorales y musicales pr\u00f3ximos a estrenarse, prepara un largometraje y gira por Latinoam\u00e9rica y Europa, interpretando en vivo y dictando seminarios sobre Interpretaci\u00f3n en la m\u00fasica y en la actuaci\u00f3n.<\/p>\n<p>&nbsp;<\/p>\n<p>&nbsp;<\/p>\n<ul>\n<li>11 de noviembre al 1ero de diciembre<\/li>\n<\/ul>\n<p><a href=\"https:\/\/linktr.ee\/belenpas\">https:\/\/linktr.ee\/belenpas<\/a><\/p>\n","protected":false},"excerpt":{"rendered":"<p>La cantante, compositora y actriz argentina Bel\u00e9n Pasqualini realizar\u00e1, con el apoyo de Iberm\u00fasicas, una residencia de composici\u00f3n en el centro de artes de Aljustrel, para crear un material discogr\u00e1fico en torno al universo portugu\u00e9s, y en particular, en torno a las costumbres del pueblo minero de Aljustrel, en el Alentejo. &nbsp; Cantautora, actriz y [&hellip;]<\/p>\n","protected":false},"author":7,"featured_media":21334,"comment_status":"closed","ping_status":"closed","sticky":false,"template":"","format":"standard","meta":{"footnotes":""},"categories":[53],"tags":[],"class_list":["post-20626","post","type-post","status-publish","format-standard","has-post-thumbnail","hentry","category-noticias-generales"],"lang":"es","translations":{"es":20626,"pt":20629},"pll_sync_post":[],"post_mailing_queue_ids":[],"_links":{"self":[{"href":"http:\/\/staging.ibermusicas.org\/index.php\/wp-json\/wp\/v2\/posts\/20626","targetHints":{"allow":["GET"]}}],"collection":[{"href":"http:\/\/staging.ibermusicas.org\/index.php\/wp-json\/wp\/v2\/posts"}],"about":[{"href":"http:\/\/staging.ibermusicas.org\/index.php\/wp-json\/wp\/v2\/types\/post"}],"author":[{"embeddable":true,"href":"http:\/\/staging.ibermusicas.org\/index.php\/wp-json\/wp\/v2\/users\/7"}],"replies":[{"embeddable":true,"href":"http:\/\/staging.ibermusicas.org\/index.php\/wp-json\/wp\/v2\/comments?post=20626"}],"version-history":[{"count":1,"href":"http:\/\/staging.ibermusicas.org\/index.php\/wp-json\/wp\/v2\/posts\/20626\/revisions"}],"predecessor-version":[{"id":20628,"href":"http:\/\/staging.ibermusicas.org\/index.php\/wp-json\/wp\/v2\/posts\/20626\/revisions\/20628"}],"wp:featuredmedia":[{"embeddable":true,"href":"http:\/\/staging.ibermusicas.org\/index.php\/wp-json\/wp\/v2\/media\/21334"}],"wp:attachment":[{"href":"http:\/\/staging.ibermusicas.org\/index.php\/wp-json\/wp\/v2\/media?parent=20626"}],"wp:term":[{"taxonomy":"category","embeddable":true,"href":"http:\/\/staging.ibermusicas.org\/index.php\/wp-json\/wp\/v2\/categories?post=20626"},{"taxonomy":"post_tag","embeddable":true,"href":"http:\/\/staging.ibermusicas.org\/index.php\/wp-json\/wp\/v2\/tags?post=20626"}],"curies":[{"name":"wp","href":"https:\/\/api.w.org\/{rel}","templated":true}]}}