{"id":20629,"date":"2024-10-29T21:17:15","date_gmt":"2024-10-29T21:17:15","guid":{"rendered":"http:\/\/staging.ibermusicas.org\/?p=20629"},"modified":"2025-01-19T23:01:48","modified_gmt":"2025-01-19T23:01:48","slug":"inicio-da-residencia-artistica-de-belen-pasqualini-no-centro-de-artes-de-aljustrel-portugal","status":"publish","type":"post","link":"http:\/\/staging.ibermusicas.org\/index.php\/inicio-da-residencia-artistica-de-belen-pasqualini-no-centro-de-artes-de-aljustrel-portugal\/","title":{"rendered":"In\u00edcio da resid\u00eancia art\u00edstica de Bel\u00e9n Pasqualini no Centro de Artes de Aljustrel, Portugal"},"content":{"rendered":"<p>A cantora, compositora e atriz argentina Bel\u00e9n Pasqualini vai realizar, com o apoio do Programa Iberm\u00fasicas, uma resid\u00eancia de composi\u00e7\u00e3o no centro de artes de Aljustrel para criar um disco sobre o universo portugu\u00eas e, em particular, sobre os costumes da vila mineira de Aljustrel, no Alentejo.<\/p>\n<p>Cantora, compositora, atriz e criadora multifacetada, nascida em Buenos Aires, Argentina. Sua carreira se alterna entre palcos de teatro nacionais e internacionais, m\u00fasica, televis\u00e3o e audiovisual. Recentemente, recebeu uma bolsa de estudos Fulbright (Nova York, EUA), estudou na UNA, graduando-se em Artes Dram\u00e1ticas, e estudou com prestigiados professores de canto, piano, linguagem musical, viol\u00e3o, atua\u00e7\u00e3o e dramaturgia.<\/p>\n<p>Pasqualini tem trabalhado profissionalmente, tanto comercialmente quanto em teatros oficiais e independentes, tanto em Buenos Aires quanto internacionalmente. Em 2017, estreou um espet\u00e1culo musical para uma pessoa s\u00f3, \u201cChristiane &#8211; Un Bio-Musical Cient\u00edfico\u201d, uma homenagem viva \u00e0 sua av\u00f3 de 102 anos, uma renomada pesquisadora de leucemia, Dra. Christiane Dosne Pasqualini. O trabalho foi apresentado, at\u00e9 o momento, mais de 450 vezes na Argentina, Brasil, Chile, Col\u00f4mbia, Panam\u00e1, M\u00e9xico, Estados Unidos, Espanha e Portugal.<\/p>\n<p>Em termos de sua carreira musical, lan\u00e7ou 3 \u00e1lbuns solo (\u201cRulera\u201d, \u201cMudar\u201d e \u201cAmar es algo serio\u201d) e 3 em colabora\u00e7\u00e3o com outros artistas (\u201cEhola\u201d, \u201cFaros\u201d, \u201cLo que viste en los jardines\u201d). \u201cMudar\u201d, seu segundo \u00e1lbum, foi indicado para os Pr\u00eamios Gardel. Ela tamb\u00e9m lan\u00e7ou v\u00e1rios singles pr\u00f3prios e em colabora\u00e7\u00e3o com artistas de todo o mundo.<\/p>\n<p>No campo do audiovisual, trabalhou em v\u00e1rias s\u00e9ries de TV para a Argentina e a Am\u00e9rica Latina, bem como em curtas-metragens na Argentina e nos Estados Unidos, e acabou de filmar um document\u00e1rio de longa-metragem no Museu Casa Bernardo Houssay, a antiga casa do Pr\u00eamio Nobel argentino Bernardo Houssay. Tamb\u00e9m est\u00e1 escrevendo o roteiro de um filme biogr\u00e1fico sobre sua av\u00f3, Christiane Dosne Pasqualini.<\/p>\n<p>Pasqualini recebeu v\u00e1rios pr\u00eamios por seu trabalho. H\u00e1 um ano, ela fez uma resid\u00eancia art\u00edstica em Portugal para escrever e estrear um projeto teatral intitulado \u201cNa hora da bucha\u201d, uma homenagem ao cante alentejano e aos mineiros de Aljustrel na regi\u00e3o do Alentejo, em Portugal. Por sua vez, em 2024 estreou \u201cEl camino menos transitado\u201d, uma \u00f3pera contempor\u00e2nea com m\u00fasica de Facundo Llompart e livro de Pasqualini e Betty Gambartes, que tamb\u00e9m foi respons\u00e1vel pela dire\u00e7\u00e3o geral do projeto. Tamb\u00e9m dirigiu 4 atrizes argentinas emblem\u00e1ticas: Mar\u00eda Rosa Fugazot, Edda Bustamante, Vicky Buchino e Graciela Pal em um espet\u00e1culo no CCK, intitulado \u201cLas Griegas\u201d.<\/p>\n<p>Atualmente, est\u00e1 atuando em \u201cBenito de la Boca\u201d no Teatro de La Ribera del Complejo Teatral de Buenos Aires, Argentina, e foi indicada para os pr\u00eamios Mar\u00eda Guerrero e ACE de melhor atua\u00e7\u00e3o.<\/p>\n<p>Paralelamente, ela continua a compor para v\u00e1rios projetos musicais e de atua\u00e7\u00e3o, est\u00e1 preparando um longa-metragem e fazendo turn\u00eas pela Am\u00e9rica Latina e Europa, apresentando-se ao vivo e dando semin\u00e1rios sobre interpreta\u00e7\u00e3o em m\u00fasica e atua\u00e7\u00e3o.<\/p>\n<p>&nbsp;<\/p>\n<ul>\n<li>11 de novembro a 1\u00ba de dezembro<\/li>\n<\/ul>\n<p><a href=\"https:\/\/linktr.ee\/belenpas\">https:\/\/linktr.ee\/belenpas<\/a><\/p>\n","protected":false},"excerpt":{"rendered":"<p>A cantora, compositora e atriz argentina Bel\u00e9n Pasqualini vai realizar, com o apoio do Programa Iberm\u00fasicas, uma resid\u00eancia de composi\u00e7\u00e3o no centro de artes de Aljustrel para criar um disco sobre o universo portugu\u00eas e, em particular, sobre os costumes da vila mineira de Aljustrel, no Alentejo. Cantora, compositora, atriz e criadora multifacetada, nascida em [&hellip;]<\/p>\n","protected":false},"author":7,"featured_media":21333,"comment_status":"closed","ping_status":"closed","sticky":false,"template":"","format":"standard","meta":{"footnotes":""},"categories":[218],"tags":[],"class_list":["post-20629","post","type-post","status-publish","format-standard","has-post-thumbnail","hentry","category-noticias-generales-pt"],"lang":"pt","translations":{"pt":20629,"es":20626},"pll_sync_post":[],"post_mailing_queue_ids":[],"_links":{"self":[{"href":"http:\/\/staging.ibermusicas.org\/index.php\/wp-json\/wp\/v2\/posts\/20629","targetHints":{"allow":["GET"]}}],"collection":[{"href":"http:\/\/staging.ibermusicas.org\/index.php\/wp-json\/wp\/v2\/posts"}],"about":[{"href":"http:\/\/staging.ibermusicas.org\/index.php\/wp-json\/wp\/v2\/types\/post"}],"author":[{"embeddable":true,"href":"http:\/\/staging.ibermusicas.org\/index.php\/wp-json\/wp\/v2\/users\/7"}],"replies":[{"embeddable":true,"href":"http:\/\/staging.ibermusicas.org\/index.php\/wp-json\/wp\/v2\/comments?post=20629"}],"version-history":[{"count":1,"href":"http:\/\/staging.ibermusicas.org\/index.php\/wp-json\/wp\/v2\/posts\/20629\/revisions"}],"predecessor-version":[{"id":20630,"href":"http:\/\/staging.ibermusicas.org\/index.php\/wp-json\/wp\/v2\/posts\/20629\/revisions\/20630"}],"wp:featuredmedia":[{"embeddable":true,"href":"http:\/\/staging.ibermusicas.org\/index.php\/wp-json\/wp\/v2\/media\/21333"}],"wp:attachment":[{"href":"http:\/\/staging.ibermusicas.org\/index.php\/wp-json\/wp\/v2\/media?parent=20629"}],"wp:term":[{"taxonomy":"category","embeddable":true,"href":"http:\/\/staging.ibermusicas.org\/index.php\/wp-json\/wp\/v2\/categories?post=20629"},{"taxonomy":"post_tag","embeddable":true,"href":"http:\/\/staging.ibermusicas.org\/index.php\/wp-json\/wp\/v2\/tags?post=20629"}],"curies":[{"name":"wp","href":"https:\/\/api.w.org\/{rel}","templated":true}]}}