{"id":20631,"date":"2024-10-29T21:20:05","date_gmt":"2024-10-29T21:20:05","guid":{"rendered":"http:\/\/staging.ibermusicas.org\/?p=20631"},"modified":"2024-12-04T14:50:17","modified_gmt":"2024-12-04T14:50:17","slug":"bandalos-chinos-de-argentina-y-franny-glass-de-uruguay-seran-parte-de-la-grilla-del-festival-carambola-de-maceio-alagoas-brasil","status":"publish","type":"post","link":"http:\/\/staging.ibermusicas.org\/index.php\/bandalos-chinos-de-argentina-y-franny-glass-de-uruguay-seran-parte-de-la-grilla-del-festival-carambola-de-maceio-alagoas-brasil\/","title":{"rendered":"Bandalos Chinos de Argentina y Franny Glass de Uruguay ser\u00e1n parte de la grilla del Festival Carambola de Macei\u00f3, Alagoas, Brasil"},"content":{"rendered":"<p>El Festival Carambola confirma su octava edici\u00f3n en Macei\u00f3, Alagoas (Brasil). Y por primera vez en la historia del festival, anuncia la participaci\u00f3n de dos n\u00famero internacionales con el apoyo del Programa Iberm\u00fasicas. Se trata del grupo de pop Bandalos Chinos, de Argentina, y de Franny Glass, de Uruguay.<\/p>\n<p>Es la primera vez que Bandalos Chinos act\u00faa en Brasil. La banda argentina naci\u00f3 en 2009 en Beccar (regi\u00f3n metropolitana de Buenos Aires). Desde entonces, la discograf\u00eda del grupo ha ido a m\u00e1s, con los \u00e1lbumes Bandalos Chinos (2012), BACH (2018), Paranoia Pop (2020), Feliz Navibach (2020) y El Big Blue (2022), adem\u00e1s de los EP Nunca estuve ac\u00e1 (2014) y En el aire (2016).<\/p>\n<p>Ganadora del Premio Gardel en la categor\u00eda \u00abMejor \u00c1lbum Pop\u00bb con BACH y Paranoia Pop, la banda tambi\u00e9n compiti\u00f3 por el Premio Grammy Latino al \u00abMejor \u00c1lbum Alternativo\u00bb y a la \u00abMejor Ingenier\u00eda de Sonido\u00bb con BACH. Hoy la banda es considerada uno de los proyectos musicales m\u00e1s famosos de Argentina, con shows con entradas agotadas en todo el pa\u00eds, incluyendo presentaciones hist\u00f3ricas en el Hip\u00f3dromo de Palermo y en el Luna Park.<\/p>\n<p>En Sudam\u00e9rica, los Bandalos Chinos tambi\u00e9n atraen multitudes en pa\u00edses como M\u00e9xico, Guatemala, Ecuador, Colombia, Venezuela, Chile, Per\u00fa, Paraguay y Uruguay, y en Europa han tocado en Espa\u00f1a y Francia.<\/p>\n<p>Despu\u00e9s de nueve a\u00f1os, el proyecto uruguayo Franny Glass, del m\u00fasico, cantante y compositor Gonzalo Deniz, vuelve a Macei\u00f3, esta vez como facilitador de un taller de composici\u00f3n musical. En esta actividad creativa, que ser\u00e1 gratuita y estar\u00e1 dirigida a artistas e interesados en el tema en general, con o sin experiencia en la composici\u00f3n de canciones, Gonzalo expondr\u00e1 una variedad de herramientas creativas, abordando \u00e1ngulos intr\u00ednsecos al proceso de composici\u00f3n, con el objetivo de estimular el surgimiento de una forma particular de expresarse a trav\u00e9s de la m\u00fasica.<\/p>\n<p>Despu\u00e9s del taller, realizar\u00e1 un espect\u00e1culo \u00edntimo en la casa creativa del festival, Carambola Lab, tambi\u00e9n en Macei\u00f3, la semana anterior al festival. En su extensa carrera, Gonzalo ha publicado nueve \u00e1lbumes entre 2007 y 2022 y ha ganado siete ediciones del Premio Graffiti de la M\u00fasica Uruguaya.<\/p>\n<p>Aclamado en diferentes pa\u00edses sudamericanos, Franny Glass ya ha establecido conexiones brasile\u00f1as con artistas como Paulinho Moska (R\u00edo de Janeiro) y Wado (Alagoas), adem\u00e1s de haber regrabado a la ga\u00facha Adriana Calcanhotto en una versi\u00f3n espa\u00f1ola de la canci\u00f3n Esquadros.<\/p>\n<p>El Festival Carambola se cre\u00f3 en 2017 con el objetivo de valorizar el arte de Alagoas en sus m\u00e1s diversas formas, con la m\u00fasica como eje principal. De un evento que comenz\u00f3 en una peque\u00f1a sala de conciertos en Macei\u00f3, el festival ocupa ahora un gran espacio al aire libre cerca de la playa, con siete ediciones ya celebradas y con Alagoas en el mapa de los festivales de m\u00fasica independiente m\u00e1s importantes de Brasil.<\/p>\n<p>&nbsp;<\/p>\n<p>Esta edici\u00f3n del Festival Carambola, cuenta con el apoyo de Iberm\u00fasicas mediante sus Ayudas a la Programaci\u00f3n, convocatoria 2023.<\/p>\n<ul>\n<li>13 de noviembre: taller &#8211; Franny Glass &#8211; Local: Tropical Audio Est\u00fadio (Macei\u00f3)<\/li>\n<li>14 de noviembre: show &#8211; Franny Glass &#8211; Local: Carambola Lab (Macei\u00f3)<\/li>\n<li>15 de noviembre: festival &#8211; show dos Bandalos Chinos &#8211; Local: Adepol (Macei\u00f3)<\/li>\n<\/ul>\n","protected":false},"excerpt":{"rendered":"<p>El Festival Carambola confirma su octava edici\u00f3n en Macei\u00f3, Alagoas (Brasil). Y por primera vez en la historia del festival, anuncia la participaci\u00f3n de dos n\u00famero internacionales con el apoyo del Programa Iberm\u00fasicas. Se trata del grupo de pop Bandalos Chinos, de Argentina, y de Franny Glass, de Uruguay. Es la primera vez que Bandalos [&hellip;]<\/p>\n","protected":false},"author":7,"featured_media":20632,"comment_status":"closed","ping_status":"closed","sticky":false,"template":"","format":"standard","meta":{"footnotes":""},"categories":[53],"tags":[],"class_list":["post-20631","post","type-post","status-publish","format-standard","has-post-thumbnail","hentry","category-noticias-generales"],"lang":"es","translations":{"es":20631},"pll_sync_post":[],"post_mailing_queue_ids":[],"_links":{"self":[{"href":"http:\/\/staging.ibermusicas.org\/index.php\/wp-json\/wp\/v2\/posts\/20631","targetHints":{"allow":["GET"]}}],"collection":[{"href":"http:\/\/staging.ibermusicas.org\/index.php\/wp-json\/wp\/v2\/posts"}],"about":[{"href":"http:\/\/staging.ibermusicas.org\/index.php\/wp-json\/wp\/v2\/types\/post"}],"author":[{"embeddable":true,"href":"http:\/\/staging.ibermusicas.org\/index.php\/wp-json\/wp\/v2\/users\/7"}],"replies":[{"embeddable":true,"href":"http:\/\/staging.ibermusicas.org\/index.php\/wp-json\/wp\/v2\/comments?post=20631"}],"version-history":[{"count":1,"href":"http:\/\/staging.ibermusicas.org\/index.php\/wp-json\/wp\/v2\/posts\/20631\/revisions"}],"predecessor-version":[{"id":20633,"href":"http:\/\/staging.ibermusicas.org\/index.php\/wp-json\/wp\/v2\/posts\/20631\/revisions\/20633"}],"wp:featuredmedia":[{"embeddable":true,"href":"http:\/\/staging.ibermusicas.org\/index.php\/wp-json\/wp\/v2\/media\/20632"}],"wp:attachment":[{"href":"http:\/\/staging.ibermusicas.org\/index.php\/wp-json\/wp\/v2\/media?parent=20631"}],"wp:term":[{"taxonomy":"category","embeddable":true,"href":"http:\/\/staging.ibermusicas.org\/index.php\/wp-json\/wp\/v2\/categories?post=20631"},{"taxonomy":"post_tag","embeddable":true,"href":"http:\/\/staging.ibermusicas.org\/index.php\/wp-json\/wp\/v2\/tags?post=20631"}],"curies":[{"name":"wp","href":"https:\/\/api.w.org\/{rel}","templated":true}]}}