{"id":20636,"date":"2024-10-29T21:25:01","date_gmt":"2024-10-29T21:25:01","guid":{"rendered":"http:\/\/staging.ibermusicas.org\/?p=20636"},"modified":"2024-12-04T14:50:23","modified_gmt":"2024-12-04T14:50:23","slug":"el-cuarteto-de-cuerdas-de-bellas-artes-de-mexico-lleva-a-galicia-su-proyecto-notas-olvidadas-mujeres-en-la-musica-mexicana","status":"publish","type":"post","link":"http:\/\/staging.ibermusicas.org\/index.php\/el-cuarteto-de-cuerdas-de-bellas-artes-de-mexico-lleva-a-galicia-su-proyecto-notas-olvidadas-mujeres-en-la-musica-mexicana\/","title":{"rendered":"El Cuarteto de Cuerdas de Bellas Artes de M\u00e9xico lleva a Galicia su proyecto \u201cNotas Olvidadas: Mujeres en la M\u00fasica Mexicana\u201d"},"content":{"rendered":"<p>Con su proyecto \u201cNotas Olvidadas: Mujeres en la M\u00fasica Mexicana\u201d, el Cuarteto de Cuerdas de Bellas Artes, junto a la conferencista Mari\u0301a Fernanda Mora Cano realizar\u00e1n dos conciertos, uno en Vilagarc\u00eda de Arousa y el segundo en La Coru\u00f1a, regi\u00f3n de Galicia, Espa\u00f1a. El programa est\u00e1 conformado por el Quartetto Studio Classico Op. 14 de Guadalupe Olmedo, primer cuarteto de cuerdas escrito en M\u00e9xico y Altar de Muertos de Gabriela Ortiz, obra con elementos prehisp\u00e1nicos y una presentaci\u00f3n esc\u00e9nica \u00fanica. Tambi\u00e9n realizar\u00e1n una conferencia sobre la relevancia de ambas compositoras en Vilagarc\u00eda de Arousa y clases maestras en La Coru\u00f1a.<\/p>\n<p>&nbsp;<\/p>\n<p>El Cuarteto de Cuerdas Bellas Artes es un ensamble gestado en la ciudad de Xalapa en el 2015. Ha sido galardonado con el primer lugar en el Concurso Nacional de M\u00fasica de C\u00e1mara \u201cMateo Oliva\u201d, el segundo lugar en el Concurso Nacional de Cuartetos de Cuerdas \u201cLa Superior 2017\u201d y el premio \u201cManuel M. Ponce\u201d.<\/p>\n<p>&nbsp;<\/p>\n<p>En 2019 el CCBA egres\u00f3 de la Maestr\u00eda en Ejecuci\u00f3n en Cuarteto de Cuerdas de la Universidad de Victoria, Canad\u00e1, bajo la tutela del Lafayette String Quartet. Asimismo, ha recibido asesor\u00edas de cuartetos como Penderecki, American, St. Petersburg, Latinoamericano, Dover, Arianna, Jos\u00e9 White y de m\u00fasicos como James Ehnes, Paul Katz (Cuarteto Cleveland), Ivo Jan Van Der Werff (Cuarteto Medici), Gerald Stanick (Cuarteto Fine Arts) y Alan Durbec (Cuarteto Carlos Ch\u00e1vez).<\/p>\n<p>&nbsp;<\/p>\n<p>El Cuarteto de Cuerdas de Bellas Artes ha participado en diversos festivales en M\u00e9xico, Canad\u00e1, Estados Unidos, Costa Rica y Brasil.<\/p>\n<p>&nbsp;<\/p>\n<p>La conferencista Mari\u0301a Fernanda Mora Cano es egresada de la Licenciatura en Gestio\u0301n Cultural y Desarrollo de las Artes de Realia Instituto Universitario para la Cultura y las Artes. De 2016 a 2021 colaboro\u0301 con el Cuarteto Chroma, con quien coordino\u0301 m\u00faltiples conciertos y proyectos.<\/p>\n<p>En 2017 presento\u0301 en la Universidad de Costa Rica la conferencia Homenaje a Gismonti: El Folklor Mexicano en las Salas de Concierto, tambie\u0301n fue moderadora de la mesa redonda sobre la exposicio\u0301n individual El Centro U\u0301nico, de Edgar Cano en 2018 y en 2024 imparti\u00f3 el taller Procuraci\u00f3n de Fondos para Proyectos Culturales de la Secretar\u00eda de Cultura de Veracruz.<\/p>\n<p>&nbsp;<\/p>\n<p>Asimismo, colaboro\u0301 durante la Primera Temporada de Conciertos 2018 de la Orquesta Sinfo\u0301nica de Xalapa dentro del departamento de Mercadotecnia y Logi\u0301stica, realizo\u0301 la gestio\u0301n para la produccio\u0301n del primer material discogr\u00e1fico del Cuarteto Chroma, Chromaswing y en el 2023 fue Gallery Manager de la Domi\u0301nguez y Buis Galeri\u0301a.<\/p>\n<p>&nbsp;<\/p>\n<p>Estas actividades del Cuarteto de Cuerdas de Bellas Artes cuentan con el apoyo de Iberm\u00fasicas mediante sus Ayudas a la Circulaci\u00f3n, convocatoria 2023.<\/p>\n<p>&nbsp;<\/p>\n<ul>\n<li>14 de noviembre: Conferencia en Auditorio Municipal de Vilagarc\u00eda de Arousa, Galicia, Espa\u00f1a<\/li>\n<li>15 de noviembre: Concierto en Auditorio Municipal de Vilagarc\u00eda de Arousa, Galicia, Espa\u00f1a<\/li>\n<li>18 de noviembre: Clase maestra en Conservatorio de M\u00fasica de A Coru\u00f1a, Galicia, Espa\u00f1a<\/li>\n<li>19 de noviembre: Concierto en Teatro Rosalia de Castro, A Coru\u00f1a, Galicia, Espa\u00f1a<\/li>\n<\/ul>\n<p>&nbsp;<\/p>\n","protected":false},"excerpt":{"rendered":"<p>Con su proyecto \u201cNotas Olvidadas: Mujeres en la M\u00fasica Mexicana\u201d, el Cuarteto de Cuerdas de Bellas Artes, junto a la conferencista Mari\u0301a Fernanda Mora Cano realizar\u00e1n dos conciertos, uno en Vilagarc\u00eda de Arousa y el segundo en La Coru\u00f1a, regi\u00f3n de Galicia, Espa\u00f1a. El programa est\u00e1 conformado por el Quartetto Studio Classico Op. 14 de [&hellip;]<\/p>\n","protected":false},"author":7,"featured_media":20637,"comment_status":"closed","ping_status":"closed","sticky":false,"template":"","format":"standard","meta":{"footnotes":""},"categories":[53],"tags":[],"class_list":["post-20636","post","type-post","status-publish","format-standard","has-post-thumbnail","hentry","category-noticias-generales"],"lang":"es","translations":{"es":20636,"pt":20639},"pll_sync_post":[],"post_mailing_queue_ids":[],"_links":{"self":[{"href":"http:\/\/staging.ibermusicas.org\/index.php\/wp-json\/wp\/v2\/posts\/20636","targetHints":{"allow":["GET"]}}],"collection":[{"href":"http:\/\/staging.ibermusicas.org\/index.php\/wp-json\/wp\/v2\/posts"}],"about":[{"href":"http:\/\/staging.ibermusicas.org\/index.php\/wp-json\/wp\/v2\/types\/post"}],"author":[{"embeddable":true,"href":"http:\/\/staging.ibermusicas.org\/index.php\/wp-json\/wp\/v2\/users\/7"}],"replies":[{"embeddable":true,"href":"http:\/\/staging.ibermusicas.org\/index.php\/wp-json\/wp\/v2\/comments?post=20636"}],"version-history":[{"count":1,"href":"http:\/\/staging.ibermusicas.org\/index.php\/wp-json\/wp\/v2\/posts\/20636\/revisions"}],"predecessor-version":[{"id":20638,"href":"http:\/\/staging.ibermusicas.org\/index.php\/wp-json\/wp\/v2\/posts\/20636\/revisions\/20638"}],"wp:featuredmedia":[{"embeddable":true,"href":"http:\/\/staging.ibermusicas.org\/index.php\/wp-json\/wp\/v2\/media\/20637"}],"wp:attachment":[{"href":"http:\/\/staging.ibermusicas.org\/index.php\/wp-json\/wp\/v2\/media?parent=20636"}],"wp:term":[{"taxonomy":"category","embeddable":true,"href":"http:\/\/staging.ibermusicas.org\/index.php\/wp-json\/wp\/v2\/categories?post=20636"},{"taxonomy":"post_tag","embeddable":true,"href":"http:\/\/staging.ibermusicas.org\/index.php\/wp-json\/wp\/v2\/tags?post=20636"}],"curies":[{"name":"wp","href":"https:\/\/api.w.org\/{rel}","templated":true}]}}