{"id":20639,"date":"2024-10-29T21:27:08","date_gmt":"2024-10-29T21:27:08","guid":{"rendered":"http:\/\/staging.ibermusicas.org\/?p=20639"},"modified":"2024-12-04T14:00:33","modified_gmt":"2024-12-04T14:00:33","slug":"o-cuarteto-de-cuerdas-de-bellas-artes-do-mexico-leva-seu-projeto-notas-esquecidas-mulheres-na-musica-mexicana-para-a-galicia","status":"publish","type":"post","link":"http:\/\/staging.ibermusicas.org\/index.php\/o-cuarteto-de-cuerdas-de-bellas-artes-do-mexico-leva-seu-projeto-notas-esquecidas-mulheres-na-musica-mexicana-para-a-galicia\/","title":{"rendered":"O Cuarteto de Cuerdas de Bellas Artes do M\u00e9xico leva seu projeto \u201cNotas esquecidas: mulheres na m\u00fasica mexicana\u201d para a Gal\u00edcia"},"content":{"rendered":"<p>Com o projeto \u201cNotas esquecidas: mulheres na m\u00fasica mexicana\u201d, o Cuarteto de Cuerdas de Bellas Artes, juntamente com a professora Mar\u00eda Fernanda Mora Cano, realizar\u00e1 dois concertos, um em Vilagarc\u00eda de Arousa e o segundo em La Coru\u00f1a, na regi\u00e3o da Gal\u00edcia, Espanha. O programa consiste em Quartetto Studio Classico Op. 14 de Guadalupe Olmedo, o primeiro quarteto de cordas escrito no M\u00e9xico, e Altar de Muertos de Gabriela Ortiz, uma obra com elementos pr\u00e9-hisp\u00e2nicos e uma apresenta\u00e7\u00e3o c\u00eanica \u00fanica. Eles tamb\u00e9m dar\u00e3o uma confer\u00eancia sobre a relev\u00e2ncia de ambos os compositores em Vilagarc\u00eda de Arousa e master classes em La Coru\u00f1a.<strong><br \/>\n<\/strong><\/p>\n<p>O Cuarteto de Cuerdas Bellas Artes \u00e9 um conjunto criado na cidade de Xalapa em 2015. Foi premiado com o primeiro lugar no Concurso Nacional de M\u00fasica de C\u00e2mara \u201cMateo Oliva\u201d, o segundo lugar no Concurso Nacional de Quarteto de Cordas \u201cLa Superior 2017\u201d e o pr\u00eamio \u201cManuel M. Ponce\u201d.<\/p>\n<p>Em 2019, o CCBA se formou no Mestrado em M\u00fasica em Performance de Quarteto de Cordas na Universidade de Victoria, Canad\u00e1, sob a tutela do Quarteto de Cordas Lafayette. Ele tamb\u00e9m foi orientado por quartetos como Penderecki, American, St. Petersburg, Latinoamericano, Dover, Arianna, Jos\u00e9 White e m\u00fasicos como James Ehnes, Paul Katz (Cleveland Quartet), Ivo Jan Van Der Werff (Medici Quartet), Gerald Stanick (Fine Arts Quartet) e Alan Durbec (Carlos Ch\u00e1vez Quartet).<strong><br \/>\n<\/strong><\/p>\n<p>O Cuarteto de Cuerdas de Bellas Artes tem participado de v\u00e1rios festivais no M\u00e9xico, Canad\u00e1, Estados Unidos, Costa Rica e Brasil.<\/p>\n<p>A professora Mar\u00eda Fernanda Mora Cano \u00e9 formada em Gest\u00e3o Cultural e Desenvolvimento Art\u00edstico pelo Instituto de Cultura e Artes da Universidade Realia. De 2016 a 2021, colaborou com o Quarteto Chroma, com quem coordenou v\u00e1rios concertos e projetos.<\/p>\n<p>Em 2017 apresentou na Universidade da Costa Rica a confer\u00eancia Homenaje a Gismonti: El Folklor Mexicano en las Salas de Concierto, tamb\u00e9m foi moderadora da mesa redonda sobre a exposi\u00e7\u00e3o individual El Centro \u00danico, de Edgar Cano em 2018 e em 2024 ministrou o workshop Procuraci\u00f3n de Fondos para Proyectos Culturales de la Secretar\u00eda de Cultura de Veracruz.<strong><br \/>\n<\/strong><\/p>\n<p>Ela tamb\u00e9m colaborou durante a Primeira Temporada de Concertos de 2018 da Orquestra Sinf\u00f4nica de Xalapa, no departamento de Marketing e Log\u00edstica, gerenciou a produ\u00e7\u00e3o da primeira grava\u00e7\u00e3o do Chroma Quartet, Chromaswing, e em 2023 foi Gerente de Galeria da Galeria Dom\u00ednguez y Buis.<\/p>\n<p>Estas atividades do Cuarteto de Cuerdas de Bellas Artes s\u00e3o apoiadas pelo Iberm\u00fasicas por meio de suas Ajudas \u00e0 Circula\u00e7\u00e3o, chamada 2023.<\/p>\n<ul>\n<li>14 de novembro: Palestra no Audit\u00f3rio Municipal de Vilagarc\u00eda de Arousa, Galiza, Espanha<\/li>\n<li>15 de novembro: Concerto no Audit\u00f3rio Municipal de Vilagarc\u00eda de Arousa, Galiza, Espanha<\/li>\n<li>18 de novembro: Masterclass no Conservatorio de M\u00fasica de A Coru\u00f1a, Galiza, Espanha<\/li>\n<li>19 de novembro: Concerto no Teatro Ros\u00e1lia de Castro, A Coru\u00f1a, Galiza, Espanha<\/li>\n<\/ul>\n","protected":false},"excerpt":{"rendered":"<p>Com o projeto \u201cNotas esquecidas: mulheres na m\u00fasica mexicana\u201d, o Cuarteto de Cuerdas de Bellas Artes, juntamente com a professora Mar\u00eda Fernanda Mora Cano, realizar\u00e1 dois concertos, um em Vilagarc\u00eda de Arousa e o segundo em La Coru\u00f1a, na regi\u00e3o da Gal\u00edcia, Espanha. O programa consiste em Quartetto Studio Classico Op. 14 de Guadalupe Olmedo, [&hellip;]<\/p>\n","protected":false},"author":7,"featured_media":20637,"comment_status":"closed","ping_status":"closed","sticky":false,"template":"","format":"standard","meta":{"footnotes":""},"categories":[218],"tags":[],"class_list":["post-20639","post","type-post","status-publish","format-standard","has-post-thumbnail","hentry","category-noticias-generales-pt"],"lang":"pt","translations":{"pt":20639,"es":20636},"pll_sync_post":[],"post_mailing_queue_ids":[],"_links":{"self":[{"href":"http:\/\/staging.ibermusicas.org\/index.php\/wp-json\/wp\/v2\/posts\/20639","targetHints":{"allow":["GET"]}}],"collection":[{"href":"http:\/\/staging.ibermusicas.org\/index.php\/wp-json\/wp\/v2\/posts"}],"about":[{"href":"http:\/\/staging.ibermusicas.org\/index.php\/wp-json\/wp\/v2\/types\/post"}],"author":[{"embeddable":true,"href":"http:\/\/staging.ibermusicas.org\/index.php\/wp-json\/wp\/v2\/users\/7"}],"replies":[{"embeddable":true,"href":"http:\/\/staging.ibermusicas.org\/index.php\/wp-json\/wp\/v2\/comments?post=20639"}],"version-history":[{"count":1,"href":"http:\/\/staging.ibermusicas.org\/index.php\/wp-json\/wp\/v2\/posts\/20639\/revisions"}],"predecessor-version":[{"id":20640,"href":"http:\/\/staging.ibermusicas.org\/index.php\/wp-json\/wp\/v2\/posts\/20639\/revisions\/20640"}],"wp:featuredmedia":[{"embeddable":true,"href":"http:\/\/staging.ibermusicas.org\/index.php\/wp-json\/wp\/v2\/media\/20637"}],"wp:attachment":[{"href":"http:\/\/staging.ibermusicas.org\/index.php\/wp-json\/wp\/v2\/media?parent=20639"}],"wp:term":[{"taxonomy":"category","embeddable":true,"href":"http:\/\/staging.ibermusicas.org\/index.php\/wp-json\/wp\/v2\/categories?post=20639"},{"taxonomy":"post_tag","embeddable":true,"href":"http:\/\/staging.ibermusicas.org\/index.php\/wp-json\/wp\/v2\/tags?post=20639"}],"curies":[{"name":"wp","href":"https:\/\/api.w.org\/{rel}","templated":true}]}}