{"id":20641,"date":"2024-10-29T21:28:55","date_gmt":"2024-10-29T21:28:55","guid":{"rendered":"http:\/\/staging.ibermusicas.org\/?p=20641"},"modified":"2024-12-04T14:50:30","modified_gmt":"2024-12-04T14:50:30","slug":"la-cantautora-uruguaya-ana-prada-realizara-una-gira-europea-con-presentaciones-en-espana-alemania-y-belgica","status":"publish","type":"post","link":"http:\/\/staging.ibermusicas.org\/index.php\/la-cantautora-uruguaya-ana-prada-realizara-una-gira-europea-con-presentaciones-en-espana-alemania-y-belgica\/","title":{"rendered":"La cantautora uruguaya Ana Prada realizar\u00e1 una gira europea con presentaciones en Espa\u00f1a, Alemania y B\u00e9lgica"},"content":{"rendered":"<p>Ana Prada es una artista con definitiva voz propia, una delicada fuerza que en su m\u00fasica -como batalla personal y colectiva- entrega sensaciones \u00edntimas y primarias que inequ\u00edvocamente encuentran un correlato universal. Es una compositora reconocida que desde su profunda sensibilidad despliega un tejido sonoro que sostiene rasgos de la identidad latinoamericana.<\/p>\n<p>&nbsp;<\/p>\n<p>Ana Prada se incorpora a la tradici\u00f3n de la m\u00fasica popular uruguaya convirti\u00e9ndose en una de las artistas m\u00e1s emblem\u00e1ticas del medio en la actualidad. Se destaca por su talento y originalidad, un estilo \u00fanico y una profunda conexi\u00f3n con la poes\u00eda<\/p>\n<p>&nbsp;<\/p>\n<p>La alquimia del folk-pop con el tango y la milonga constituye una mezcla \u00fanica de incomparable belleza y poes\u00eda. Este encuentro crea una experiencia musical enriquecedora que muestra la evoluci\u00f3n y diversidad de la m\u00fasica uruguaya.<\/p>\n<p>&nbsp;<\/p>\n<p>En un \u00edntimo concierto Ana Prada presenta sus canciones y m\u00fasica acompa\u00f1ada por Jacinta Bervejillo, una joven apasionada int\u00e9rprete de la guitarra tradicional uruguaya y la joven bajista Julieta Taramazo.<\/p>\n<p>&nbsp;<\/p>\n<p>Ana Prada se inici\u00f3 como int\u00e9rprete y corista en 1994 con artistas como Rub\u00e9n Rada. Comenz\u00f3 su carrera solista en 2006 y ha colaborado con Teresa Parodi, Fernando Cabrera, Ed\u00fa Lombardo, Jorge Drexler, Le\u00f3n Gieco, Liliana Herrero, Lisandro Aristimu\u00f1o, Kevin Johansen y El Cuarteto de Nos, entre otros. Cuenta con seis discos editados.<\/p>\n<p>&nbsp;<\/p>\n<p>Esta gira europea de Ana Prada, es realizada con el apoyo del Programa Iberm\u00fasicas mediante sus Ayudas a la Circulaci\u00f3n 2023.<\/p>\n<ul>\n<li>14 de noviembre, Territorio de Paz, M\u00e1laga, Espa\u00f1a<\/li>\n<li>20 y 21 de noviembre, Kunst Labor Berl\u00edn, Alemania<\/li>\n<li>24 de noviembre, Caf\u00e9 Berl\u00edn, Madrid, Espa\u00f1a<\/li>\n<li>27 de noviembre, La Madeleine, Bruselas, B\u00e9lgica<\/li>\n<\/ul>\n","protected":false},"excerpt":{"rendered":"<p>Ana Prada es una artista con definitiva voz propia, una delicada fuerza que en su m\u00fasica -como batalla personal y colectiva- entrega sensaciones \u00edntimas y primarias que inequ\u00edvocamente encuentran un correlato universal. Es una compositora reconocida que desde su profunda sensibilidad despliega un tejido sonoro que sostiene rasgos de la identidad latinoamericana. &nbsp; Ana Prada [&hellip;]<\/p>\n","protected":false},"author":7,"featured_media":20642,"comment_status":"closed","ping_status":"closed","sticky":false,"template":"","format":"standard","meta":{"footnotes":""},"categories":[53],"tags":[],"class_list":["post-20641","post","type-post","status-publish","format-standard","has-post-thumbnail","hentry","category-noticias-generales"],"lang":"es","translations":{"es":20641,"pt":20644},"pll_sync_post":[],"post_mailing_queue_ids":[],"_links":{"self":[{"href":"http:\/\/staging.ibermusicas.org\/index.php\/wp-json\/wp\/v2\/posts\/20641","targetHints":{"allow":["GET"]}}],"collection":[{"href":"http:\/\/staging.ibermusicas.org\/index.php\/wp-json\/wp\/v2\/posts"}],"about":[{"href":"http:\/\/staging.ibermusicas.org\/index.php\/wp-json\/wp\/v2\/types\/post"}],"author":[{"embeddable":true,"href":"http:\/\/staging.ibermusicas.org\/index.php\/wp-json\/wp\/v2\/users\/7"}],"replies":[{"embeddable":true,"href":"http:\/\/staging.ibermusicas.org\/index.php\/wp-json\/wp\/v2\/comments?post=20641"}],"version-history":[{"count":1,"href":"http:\/\/staging.ibermusicas.org\/index.php\/wp-json\/wp\/v2\/posts\/20641\/revisions"}],"predecessor-version":[{"id":20643,"href":"http:\/\/staging.ibermusicas.org\/index.php\/wp-json\/wp\/v2\/posts\/20641\/revisions\/20643"}],"wp:featuredmedia":[{"embeddable":true,"href":"http:\/\/staging.ibermusicas.org\/index.php\/wp-json\/wp\/v2\/media\/20642"}],"wp:attachment":[{"href":"http:\/\/staging.ibermusicas.org\/index.php\/wp-json\/wp\/v2\/media?parent=20641"}],"wp:term":[{"taxonomy":"category","embeddable":true,"href":"http:\/\/staging.ibermusicas.org\/index.php\/wp-json\/wp\/v2\/categories?post=20641"},{"taxonomy":"post_tag","embeddable":true,"href":"http:\/\/staging.ibermusicas.org\/index.php\/wp-json\/wp\/v2\/tags?post=20641"}],"curies":[{"name":"wp","href":"https:\/\/api.w.org\/{rel}","templated":true}]}}