{"id":20644,"date":"2024-10-29T21:30:43","date_gmt":"2024-10-29T21:30:43","guid":{"rendered":"http:\/\/staging.ibermusicas.org\/?p=20644"},"modified":"2024-12-04T13:54:44","modified_gmt":"2024-12-04T13:54:44","slug":"a-cantora-e-compositora-uruguaia-ana-prada-fara-uma-turne-pela-europa-com-apresentacoes-na-espanha-alemanha-e-belgica","status":"publish","type":"post","link":"http:\/\/staging.ibermusicas.org\/index.php\/a-cantora-e-compositora-uruguaia-ana-prada-fara-uma-turne-pela-europa-com-apresentacoes-na-espanha-alemanha-e-belgica\/","title":{"rendered":"A cantora e compositora uruguaia Ana Prada far\u00e1 uma turn\u00ea pela Europa com apresenta\u00e7\u00f5es na Espanha, Alemanha e B\u00e9lgica"},"content":{"rendered":"<p>Ana Prada \u00e9 uma artista com uma voz pr\u00f3pria e definida, uma for\u00e7a delicada que em sua m\u00fasica &#8211; como uma batalha pessoal e coletiva &#8211; proporciona sensa\u00e7\u00f5es \u00edntimas e prim\u00e1rias que inequivocamente encontram um correlato universal. \u00c9 uma compositora de renome que, a partir de sua profunda sensibilidade, desdobra um tecido sonoro que sustenta tra\u00e7os da identidade latino-americana.<\/p>\n<p>Ana Prada se une \u00e0 tradi\u00e7\u00e3o da m\u00fasica popular uruguaia, tornando-se uma das artistas mais emblem\u00e1ticas do meio na atualidade. Ela se destaca por seu talento e originalidade, um estilo \u00fanico e uma profunda conex\u00e3o com a poesia.<\/p>\n<p>A alquimia do folk-pop com o tango e a milonga constitui uma mistura \u00fanica de beleza e poesia incompar\u00e1veis. Esse encontro cria uma experi\u00eancia musical enriquecedora que mostra a evolu\u00e7\u00e3o e a diversidade da m\u00fasica uruguaia.<\/p>\n<p>Em um concerto intimista, Ana Prada apresenta suas can\u00e7\u00f5es e m\u00fasicas acompanhada por Jacinta Bervejillo, uma jovem e apaixonada int\u00e9rprete do viol\u00e3o tradicional uruguaio, e pela jovem baixista Julieta Taramazo.<\/p>\n<p>Ana Prada come\u00e7ou como int\u00e9rprete e vocalista de apoio em 1994 com artistas como Rub\u00e9n Rada. Iniciou sua carreira solo em 2006 e colaborou com Teresa Parodi, Fernando Cabrera, Ed\u00fa Lombardo, Jorge Drexler, Le\u00f3n Gieco, Liliana Herrero, Lisandro Aristimu\u00f1o, Kevin Johansen e El Cuarteto de Nos, entre outros. Lan\u00e7ou seis \u00e1lbuns.<\/p>\n<p>&nbsp;<\/p>\n<p>Esta turn\u00ea europeia de Ana Prada \u00e9 apoiada pelo Programa Iberm\u00fasicas por meio de suas Bolsas de Circula\u00e7\u00e3o 2023.<\/p>\n<p>&nbsp;<\/p>\n<ul>\n<li>14 de novembro, Territorio de Paz, M\u00e1laga, Espanha<\/li>\n<li>20 e 21 de novembro, Kunst Labor Berlin, Alemanha<\/li>\n<li>24 de novembro, Caf\u00e9 Berlin, Madri, Espanha<\/li>\n<li>27 de novembro, La Madeleine, Bruxelas, B\u00e9lgica<\/li>\n<\/ul>\n","protected":false},"excerpt":{"rendered":"<p>Ana Prada \u00e9 uma artista com uma voz pr\u00f3pria e definida, uma for\u00e7a delicada que em sua m\u00fasica &#8211; como uma batalha pessoal e coletiva &#8211; proporciona sensa\u00e7\u00f5es \u00edntimas e prim\u00e1rias que inequivocamente encontram um correlato universal. \u00c9 uma compositora de renome que, a partir de sua profunda sensibilidade, desdobra um tecido sonoro que sustenta [&hellip;]<\/p>\n","protected":false},"author":7,"featured_media":20642,"comment_status":"closed","ping_status":"closed","sticky":false,"template":"","format":"standard","meta":{"footnotes":""},"categories":[218],"tags":[],"class_list":["post-20644","post","type-post","status-publish","format-standard","has-post-thumbnail","hentry","category-noticias-generales-pt"],"lang":"pt","translations":{"pt":20644,"es":20641},"pll_sync_post":[],"post_mailing_queue_ids":[],"_links":{"self":[{"href":"http:\/\/staging.ibermusicas.org\/index.php\/wp-json\/wp\/v2\/posts\/20644","targetHints":{"allow":["GET"]}}],"collection":[{"href":"http:\/\/staging.ibermusicas.org\/index.php\/wp-json\/wp\/v2\/posts"}],"about":[{"href":"http:\/\/staging.ibermusicas.org\/index.php\/wp-json\/wp\/v2\/types\/post"}],"author":[{"embeddable":true,"href":"http:\/\/staging.ibermusicas.org\/index.php\/wp-json\/wp\/v2\/users\/7"}],"replies":[{"embeddable":true,"href":"http:\/\/staging.ibermusicas.org\/index.php\/wp-json\/wp\/v2\/comments?post=20644"}],"version-history":[{"count":1,"href":"http:\/\/staging.ibermusicas.org\/index.php\/wp-json\/wp\/v2\/posts\/20644\/revisions"}],"predecessor-version":[{"id":20645,"href":"http:\/\/staging.ibermusicas.org\/index.php\/wp-json\/wp\/v2\/posts\/20644\/revisions\/20645"}],"wp:featuredmedia":[{"embeddable":true,"href":"http:\/\/staging.ibermusicas.org\/index.php\/wp-json\/wp\/v2\/media\/20642"}],"wp:attachment":[{"href":"http:\/\/staging.ibermusicas.org\/index.php\/wp-json\/wp\/v2\/media?parent=20644"}],"wp:term":[{"taxonomy":"category","embeddable":true,"href":"http:\/\/staging.ibermusicas.org\/index.php\/wp-json\/wp\/v2\/categories?post=20644"},{"taxonomy":"post_tag","embeddable":true,"href":"http:\/\/staging.ibermusicas.org\/index.php\/wp-json\/wp\/v2\/tags?post=20644"}],"curies":[{"name":"wp","href":"https:\/\/api.w.org\/{rel}","templated":true}]}}