{"id":20649,"date":"2024-10-29T21:35:19","date_gmt":"2024-10-29T21:35:19","guid":{"rendered":"http:\/\/staging.ibermusicas.org\/?p=20649"},"modified":"2024-12-04T13:54:35","modified_gmt":"2024-12-04T13:54:35","slug":"corporacao-cultural-nuble-do-chile-continua-com-seu-programa-de-internacionalizacao-pacifico-atlantico","status":"publish","type":"post","link":"http:\/\/staging.ibermusicas.org\/index.php\/corporacao-cultural-nuble-do-chile-continua-com-seu-programa-de-internacionalizacao-pacifico-atlantico\/","title":{"rendered":"Corpora\u00e7\u00e3o Cultural \u00d1uble do Chile continua com seu Programa de Internacionaliza\u00e7\u00e3o Pac\u00edfico-Atl\u00e2ntico"},"content":{"rendered":"<p>A Corpora\u00e7\u00e3o Cultural \u00d1uble, no Chile, nasceu em 2022 a partir da necessidade da Orquestra de C\u00e2mara de San Carlos de formalizar a organiza\u00e7\u00e3o. Impulsionada por jovens gestores m\u00fasicos locais, a organiza\u00e7\u00e3o est\u00e1 a consolidar-se dia ap\u00f3s dia como um agente cultural que trabalha para a inova\u00e7\u00e3o da programa\u00e7\u00e3o musical regional, para a forma\u00e7\u00e3o musical e para o desenvolvimento humano integral da comunidade na regi\u00e3o.<\/p>\n<p>Em setembro de 2022, a Corpora\u00e7\u00e3o Cultural \u00d1uble expandiu o seu raio de influ\u00eancia, criando a primeira Orquestra Sinf\u00f3nica da regi\u00e3o de \u00d1uble, integrando mais de 50 profissionais, entre m\u00fasicos, gestores e especialistas em \u00e1reas de comunica\u00e7\u00e3o.<\/p>\n<p>O Programa de Internacionaliza\u00e7\u00e3o Pac\u00edfico-Atl\u00e2ntico 2024 representa a oportunidade de consolidar o trabalho que a Corpora\u00e7\u00e3o tem vindo a desenvolver com artistas internacionais do Brasil e da Argentina, incluindo-os no programa anual de concertos sinf\u00f3nicos atrav\u00e9s de actividades art\u00edsticas e educativas que abrangem n\u00e3o s\u00f3 a orquestra e os grupos de c\u00e2mara geridos pela Corpora\u00e7\u00e3o, mas tamb\u00e9m instrumentistas, orquestras juvenis e escolas art\u00edsticas secund\u00e1rias da regi\u00e3o de \u00d1uble.<\/p>\n<p>A partir de 2023, o maestro da Orquestra Sinf\u00f3nica de \u00d1uble \u00e9 Emmanuele Baldini. Nascido em Trieste, It\u00e1lia, estudou na sua cidade natal com Bruno Polli e continuou a sua forma\u00e7\u00e3o em violino em Genebra com Corrado Romano. Em Salzburgo e Berlim, recebeu instru\u00e7\u00e3o de Ruggiero Ricci e estudou dire\u00e7\u00e3o de orquestra com Isaac Karabtchevsky e Frank Shipway. Apresentou-se como solista e em recitais em todo o mundo e foi concertino de orquestras em It\u00e1lia e no Brasil. Atualmente \u00e9 concertino da Orquestra Sinf\u00f4nica do Estado de S\u00e3o Paulo (OSESP). Como regente, Baldini j\u00e1 se apresentou em locais como o Teatro Col\u00f3n, em Buenos Aires, e o Teatro del Sodre, em Montevid\u00e9u, entre outras colabora\u00e7\u00f5es com as principais orquestras da Am\u00e9rica Latina.<\/p>\n<p>A proposta da Sinf\u00f3nica de \u00d1uble ganhou a convocat\u00f3ria 2023 do Programa Iberm\u00fasicas na linha de a\u00e7\u00e3o de Ajuda \u00e0 Programa\u00e7\u00e3o Ibero-Americana.<\/p>\n<ul>\n<li>15 de novembro, 20h, Concerto \u201cEntre Mundos\u201d: R. D\u00edaz: \u201cInshallah\u201d, C. Saint-Sa\u00ebns: \u201cCello Concerto n.1\u201d e A. Dvo\u0159\u00e1k: Sinfonia n. 9 \u201cFrom the new world\u201d. Teatro Municipal de Chill\u00e1n. Maestro: Emmanuele Baldini, solista convidado: Stanimir Todorov.<\/li>\n<\/ul>\n","protected":false},"excerpt":{"rendered":"<p>A Corpora\u00e7\u00e3o Cultural \u00d1uble, no Chile, nasceu em 2022 a partir da necessidade da Orquestra de C\u00e2mara de San Carlos de formalizar a organiza\u00e7\u00e3o. Impulsionada por jovens gestores m\u00fasicos locais, a organiza\u00e7\u00e3o est\u00e1 a consolidar-se dia ap\u00f3s dia como um agente cultural que trabalha para a inova\u00e7\u00e3o da programa\u00e7\u00e3o musical regional, para a forma\u00e7\u00e3o musical [&hellip;]<\/p>\n","protected":false},"author":7,"featured_media":20647,"comment_status":"closed","ping_status":"closed","sticky":false,"template":"","format":"standard","meta":{"footnotes":""},"categories":[218],"tags":[],"class_list":["post-20649","post","type-post","status-publish","format-standard","has-post-thumbnail","hentry","category-noticias-generales-pt"],"lang":"pt","translations":{"pt":20649,"es":20646},"pll_sync_post":[],"post_mailing_queue_ids":[],"_links":{"self":[{"href":"http:\/\/staging.ibermusicas.org\/index.php\/wp-json\/wp\/v2\/posts\/20649","targetHints":{"allow":["GET"]}}],"collection":[{"href":"http:\/\/staging.ibermusicas.org\/index.php\/wp-json\/wp\/v2\/posts"}],"about":[{"href":"http:\/\/staging.ibermusicas.org\/index.php\/wp-json\/wp\/v2\/types\/post"}],"author":[{"embeddable":true,"href":"http:\/\/staging.ibermusicas.org\/index.php\/wp-json\/wp\/v2\/users\/7"}],"replies":[{"embeddable":true,"href":"http:\/\/staging.ibermusicas.org\/index.php\/wp-json\/wp\/v2\/comments?post=20649"}],"version-history":[{"count":1,"href":"http:\/\/staging.ibermusicas.org\/index.php\/wp-json\/wp\/v2\/posts\/20649\/revisions"}],"predecessor-version":[{"id":20650,"href":"http:\/\/staging.ibermusicas.org\/index.php\/wp-json\/wp\/v2\/posts\/20649\/revisions\/20650"}],"wp:featuredmedia":[{"embeddable":true,"href":"http:\/\/staging.ibermusicas.org\/index.php\/wp-json\/wp\/v2\/media\/20647"}],"wp:attachment":[{"href":"http:\/\/staging.ibermusicas.org\/index.php\/wp-json\/wp\/v2\/media?parent=20649"}],"wp:term":[{"taxonomy":"category","embeddable":true,"href":"http:\/\/staging.ibermusicas.org\/index.php\/wp-json\/wp\/v2\/categories?post=20649"},{"taxonomy":"post_tag","embeddable":true,"href":"http:\/\/staging.ibermusicas.org\/index.php\/wp-json\/wp\/v2\/tags?post=20649"}],"curies":[{"name":"wp","href":"https:\/\/api.w.org\/{rel}","templated":true}]}}