{"id":20693,"date":"2024-11-13T21:06:17","date_gmt":"2024-11-13T21:06:17","guid":{"rendered":"http:\/\/staging.ibermusicas.org\/?p=20693"},"modified":"2024-12-04T14:51:18","modified_gmt":"2024-12-04T14:51:18","slug":"el-cantautor-venezolano-andres-fernando-rodriguez-presenta-su-proyecto-10-versos-sonoros-decimas-en-cantos-iberoamericanos","status":"publish","type":"post","link":"http:\/\/staging.ibermusicas.org\/index.php\/el-cantautor-venezolano-andres-fernando-rodriguez-presenta-su-proyecto-10-versos-sonoros-decimas-en-cantos-iberoamericanos\/","title":{"rendered":"El cantautor venezolano Andr\u00e9s Fernando Rodr\u00edguez presenta su proyecto \u201c10 Versos Sonoros. D\u00e9cimas En-Cantos Iberoamericanos\u201d"},"content":{"rendered":"<p>\u201c10 Versos Sonoros. D\u00e9cimas En-Cantos Iberoamericanos\u201d, es el nombre del proyecto del investigador, m\u00fasico y cantautor yaracuyano Andr\u00e9s Fernando Rodr\u00edguez. El proyecto est\u00e1 dirigido a crear contenido musical original a partir de los g\u00e9neros que definen a la regi\u00f3n iberoamericana y caribe\u00f1a, sobre la estructura estr\u00f3fica de la d\u00e9cima como g\u00e9nero po\u00e9tico.<\/p>\n<p>&nbsp;<\/p>\n<p>Andr\u00e9s Fernando Rodr\u00edguez, quien desarrolla un sostenido trabajo de indagaci\u00f3n, producci\u00f3n, promoci\u00f3n y difusi\u00f3n de las expresiones culturales desde el estado Yaracuy, en la suramericana Rep\u00fablica Bolivariana de Venezuela, busca poner en valor la D\u00e9cima Nuestramericana, nacida a partir de la estructura de Espinel y sembrada, con diferentes formas y modos, en diversas partes de Am\u00e9rica.<\/p>\n<p>&nbsp;<\/p>\n<p>Su propuesta incluye presentarla en ritmos musicales propios de la tradici\u00f3n donde esta forma estr\u00f3fica est\u00e1 firmemente sembrada y otras donde no es evidente, cuya forma se aviene con esta expresi\u00f3n po\u00e9tica y se expresa con gracia.<\/p>\n<p>&nbsp;<\/p>\n<p>Este proyecto de Andr\u00e9s Fernando Rodr\u00edguez, fue ganador de Ayudas al Sector Musical en Modalidad Virtual, convocatoria 2023.<\/p>\n<p>&nbsp;<\/p>\n<p>&nbsp;<\/p>\n<ul>\n<li>Lanzamiento: jueves 22 de noviembre, 19h en Biblioteca \u00abElisio Jim\u00e9nez Sierra | Universidad Nacional Experimental del Yaracuy &#8211; UNEY, San Felipe, Yaracuy, Rep\u00fablica Bolivariana de Venezuela y por <a href=\"http:\/\/www.youtube.com\/@10VERSOSSONOROS\">http:\/\/www.youtube.com\/@10VERSOSSONOROS<\/a><\/li>\n<\/ul>\n","protected":false},"excerpt":{"rendered":"<p>\u201c10 Versos Sonoros. D\u00e9cimas En-Cantos Iberoamericanos\u201d, es el nombre del proyecto del investigador, m\u00fasico y cantautor yaracuyano Andr\u00e9s Fernando Rodr\u00edguez. El proyecto est\u00e1 dirigido a crear contenido musical original a partir de los g\u00e9neros que definen a la regi\u00f3n iberoamericana y caribe\u00f1a, sobre la estructura estr\u00f3fica de la d\u00e9cima como g\u00e9nero po\u00e9tico. &nbsp; Andr\u00e9s Fernando [&hellip;]<\/p>\n","protected":false},"author":7,"featured_media":20694,"comment_status":"closed","ping_status":"closed","sticky":false,"template":"","format":"standard","meta":{"footnotes":""},"categories":[53],"tags":[],"class_list":["post-20693","post","type-post","status-publish","format-standard","has-post-thumbnail","hentry","category-noticias-generales"],"lang":"es","translations":{"es":20693,"pt":20696},"pll_sync_post":[],"post_mailing_queue_ids":[],"_links":{"self":[{"href":"http:\/\/staging.ibermusicas.org\/index.php\/wp-json\/wp\/v2\/posts\/20693","targetHints":{"allow":["GET"]}}],"collection":[{"href":"http:\/\/staging.ibermusicas.org\/index.php\/wp-json\/wp\/v2\/posts"}],"about":[{"href":"http:\/\/staging.ibermusicas.org\/index.php\/wp-json\/wp\/v2\/types\/post"}],"author":[{"embeddable":true,"href":"http:\/\/staging.ibermusicas.org\/index.php\/wp-json\/wp\/v2\/users\/7"}],"replies":[{"embeddable":true,"href":"http:\/\/staging.ibermusicas.org\/index.php\/wp-json\/wp\/v2\/comments?post=20693"}],"version-history":[{"count":1,"href":"http:\/\/staging.ibermusicas.org\/index.php\/wp-json\/wp\/v2\/posts\/20693\/revisions"}],"predecessor-version":[{"id":20695,"href":"http:\/\/staging.ibermusicas.org\/index.php\/wp-json\/wp\/v2\/posts\/20693\/revisions\/20695"}],"wp:featuredmedia":[{"embeddable":true,"href":"http:\/\/staging.ibermusicas.org\/index.php\/wp-json\/wp\/v2\/media\/20694"}],"wp:attachment":[{"href":"http:\/\/staging.ibermusicas.org\/index.php\/wp-json\/wp\/v2\/media?parent=20693"}],"wp:term":[{"taxonomy":"category","embeddable":true,"href":"http:\/\/staging.ibermusicas.org\/index.php\/wp-json\/wp\/v2\/categories?post=20693"},{"taxonomy":"post_tag","embeddable":true,"href":"http:\/\/staging.ibermusicas.org\/index.php\/wp-json\/wp\/v2\/tags?post=20693"}],"curies":[{"name":"wp","href":"https:\/\/api.w.org\/{rel}","templated":true}]}}