{"id":20696,"date":"2024-11-13T21:07:48","date_gmt":"2024-11-13T21:07:48","guid":{"rendered":"http:\/\/staging.ibermusicas.org\/?p=20696"},"modified":"2024-12-04T13:53:51","modified_gmt":"2024-12-04T13:53:51","slug":"o-cantor-e-compositor-venezuelano-andres-fernando-rodriguez-apresenta-seu-projeto-10-versos-sonoros-decimas-en-cantos-iberoamericanos","status":"publish","type":"post","link":"http:\/\/staging.ibermusicas.org\/index.php\/o-cantor-e-compositor-venezuelano-andres-fernando-rodriguez-apresenta-seu-projeto-10-versos-sonoros-decimas-en-cantos-iberoamericanos\/","title":{"rendered":"O cantor e compositor venezuelano Andr\u00e9s Fernando Rodr\u00edguez apresenta seu projeto \u201c10 Versos Sonoros. D\u00e9cimas En-Cantos Iberoamericanos\u201d"},"content":{"rendered":"<p>\u201c10 Versos Sonoros. D\u00e9cimas En-Cantos Iberoamericanos\u201d, \u00e9 o nome do projeto do pesquisador, m\u00fasico e cantor e compositor yaracuyano Andr\u00e9s Fernando Rodr\u00edguez. O projeto tem como objetivo a cria\u00e7\u00e3o de conte\u00fados musicais originais baseados nos g\u00eaneros que definem a regi\u00e3o ibero-americana e caribenha, na estrutura estr\u00f3fica da d\u00e9cima como g\u00eanero po\u00e9tico.<\/p>\n<p>&nbsp;<\/p>\n<p>Andr\u00e9s Fernando Rodr\u00edguez, que desenvolve um trabalho sustentado de pesquisa, produ\u00e7\u00e3o, promo\u00e7\u00e3o e difus\u00e3o de express\u00f5es culturais do estado de Yaracuy, na Rep\u00fablica Bolivariana da Venezuela, busca valorizar a D\u00e9cima Nuestramericana, nascida da estrutura de Espinel e semeada, em diferentes formas e modalidades, em v\u00e1rias partes da Am\u00e9rica.<\/p>\n<p>&nbsp;<\/p>\n<p>Sua proposta inclui apresent\u00e1-la em ritmos musicais t\u00edpicos da tradi\u00e7\u00e3o, onde essa forma estr\u00f3fica est\u00e1 firmemente enraizada, e outros onde ela n\u00e3o \u00e9 evidente, mas cuja forma est\u00e1 de acordo com essa express\u00e3o po\u00e9tica e \u00e9 expressa com gra\u00e7a.<\/p>\n<p>&nbsp;<\/p>\n<p>Esse projeto, de Andr\u00e9s Fernando Rodr\u00edguez, foi\u00a0 vencedor do pr\u00eamio Ajudas ao Sector Musical em Modalidade Virtual, chamada 2023.<\/p>\n<p>&nbsp;<\/p>\n<p>Lan\u00e7amento: quinta-feira, 22 de novembro, \u00e0s 19h, na Biblioteca \u201cElisio Jim\u00e9nez Sierra | Universidad Nacional Experimental del Yaracuy &#8211; UNEY, San Felipe, Yaracuy, Rep\u00fablica Bolivariana da Venezuela e por<\/p>\n<p><a href=\"http:\/\/www.youtube.com\/@10VERSOSSONOROS\">http:\/\/www.youtube.com\/@10VERSOSSONOROS<\/a><\/p>\n","protected":false},"excerpt":{"rendered":"<p>\u201c10 Versos Sonoros. D\u00e9cimas En-Cantos Iberoamericanos\u201d, \u00e9 o nome do projeto do pesquisador, m\u00fasico e cantor e compositor yaracuyano Andr\u00e9s Fernando Rodr\u00edguez. O projeto tem como objetivo a cria\u00e7\u00e3o de conte\u00fados musicais originais baseados nos g\u00eaneros que definem a regi\u00e3o ibero-americana e caribenha, na estrutura estr\u00f3fica da d\u00e9cima como g\u00eanero po\u00e9tico. &nbsp; Andr\u00e9s Fernando Rodr\u00edguez, [&hellip;]<\/p>\n","protected":false},"author":7,"featured_media":20694,"comment_status":"closed","ping_status":"closed","sticky":false,"template":"","format":"standard","meta":{"footnotes":""},"categories":[218],"tags":[],"class_list":["post-20696","post","type-post","status-publish","format-standard","has-post-thumbnail","hentry","category-noticias-generales-pt"],"lang":"pt","translations":{"pt":20696,"es":20693},"pll_sync_post":[],"post_mailing_queue_ids":[],"_links":{"self":[{"href":"http:\/\/staging.ibermusicas.org\/index.php\/wp-json\/wp\/v2\/posts\/20696","targetHints":{"allow":["GET"]}}],"collection":[{"href":"http:\/\/staging.ibermusicas.org\/index.php\/wp-json\/wp\/v2\/posts"}],"about":[{"href":"http:\/\/staging.ibermusicas.org\/index.php\/wp-json\/wp\/v2\/types\/post"}],"author":[{"embeddable":true,"href":"http:\/\/staging.ibermusicas.org\/index.php\/wp-json\/wp\/v2\/users\/7"}],"replies":[{"embeddable":true,"href":"http:\/\/staging.ibermusicas.org\/index.php\/wp-json\/wp\/v2\/comments?post=20696"}],"version-history":[{"count":1,"href":"http:\/\/staging.ibermusicas.org\/index.php\/wp-json\/wp\/v2\/posts\/20696\/revisions"}],"predecessor-version":[{"id":20697,"href":"http:\/\/staging.ibermusicas.org\/index.php\/wp-json\/wp\/v2\/posts\/20696\/revisions\/20697"}],"wp:featuredmedia":[{"embeddable":true,"href":"http:\/\/staging.ibermusicas.org\/index.php\/wp-json\/wp\/v2\/media\/20694"}],"wp:attachment":[{"href":"http:\/\/staging.ibermusicas.org\/index.php\/wp-json\/wp\/v2\/media?parent=20696"}],"wp:term":[{"taxonomy":"category","embeddable":true,"href":"http:\/\/staging.ibermusicas.org\/index.php\/wp-json\/wp\/v2\/categories?post=20696"},{"taxonomy":"post_tag","embeddable":true,"href":"http:\/\/staging.ibermusicas.org\/index.php\/wp-json\/wp\/v2\/tags?post=20696"}],"curies":[{"name":"wp","href":"https:\/\/api.w.org\/{rel}","templated":true}]}}