{"id":20698,"date":"2024-11-13T21:08:56","date_gmt":"2024-11-13T21:08:56","guid":{"rendered":"http:\/\/staging.ibermusicas.org\/?p=20698"},"modified":"2024-12-04T14:51:24","modified_gmt":"2024-12-04T14:51:24","slug":"desde-panama-llega-a-sudamerica-circulacion-por-la-equidad-en-la-industria-musical-sudamericana","status":"publish","type":"post","link":"http:\/\/staging.ibermusicas.org\/index.php\/desde-panama-llega-a-sudamerica-circulacion-por-la-equidad-en-la-industria-musical-sudamericana\/","title":{"rendered":"Desde Panam\u00e1 llega a Sudam\u00e9rica \u00abCirculaci\u00f3n por la Equidad en la Industria Musical Sudamericana\u00bb"},"content":{"rendered":"<p>AtrapandoSue\u00f1os anuncia su gira \u201cCirculaci\u00f3n por la Equidad en la Industria Musical\u201d, un ciclo de formaci\u00f3n dise\u00f1ado para fortalecer alianzas y promover la equidad de g\u00e9nero en la industria musical. Con un enfoque colaborativo junto a organizaciones como el Colectivo Sorora M\u00fasica de Paraguay, Cancioneras Paraguayas y Estaci\u00f3n Crear, esta gira marca un paso adelante en el compromiso de visibilizar el papel de las mujeres y disidencias en la m\u00fasica latinoamericana.<\/p>\n<p>&nbsp;<\/p>\n<p>Durante esta gira, se compartir\u00e1n conocimientos mediante charlas acad\u00e9micas y conversatorios sobre equidad de g\u00e9nero. Adem\u00e1s, se seleccionar\u00e1n artistas y agentes de la industria musical de Paraguay y Argentina para participar en eventos destacados como la 5ta Edici\u00f3n del Encuentro Mujer, Disidencia, M\u00fasica y Territorio de MIM LATAM, organizado por AtrapandoSue\u00f1os para septiembre de 2025. Tambi\u00e9n se buscar\u00e1 establecer alianzas para presentar propuestas de artistas de Panam\u00e1 en estos mercados, expandiendo las fronteras y promoviendo la diversidad cultural en toda la regi\u00f3n.<\/p>\n<p>&nbsp;<\/p>\n<p>Uno de los eventos principales que marcan el inicio de esta gira tendr\u00e1 lugar junto a Sorora M\u00fasica en Puerto de Asunci\u00f3n, los d\u00edas 22 y 23 de noviembre, con un Encuentro enfocado en tejer redes de apoyo y conocimiento que trascienden fronteras, promoviendo un ambiente inclusivo y diverso en la industria musical. El Encuentro invita a participantes de todo el continente a vivir una experiencia transformadora, donde la equidad de g\u00e9nero en la m\u00fasica es m\u00e1s que un ideal: es una pr\u00e1ctica viva y en constante evoluci\u00f3n.<\/p>\n<p>&nbsp;<\/p>\n<p>Durante su paso por Argentina, adem\u00e1s de brindar charlas de formaci\u00f3n, se prev\u00e9n reuniones con organizaciones de g\u00e9nero y disidencias centradas en la m\u00fasica, ya sea a trav\u00e9s de festivales o activismo musical.<\/p>\n<p>&nbsp;<\/p>\n<p>Yahaira Osiris, destacada figura de la industria musical paname\u00f1a con m\u00e1s de dos d\u00e9cadas de experiencia, es la fundadora de AtrapandoSue\u00f1os, liderando proyectos que representan a Panam\u00e1 y Centroam\u00e9rica, es una de las organizadoras del CAMM Centroam\u00e9rica Mercado Musical. Adem\u00e1s, es la fundadora de MIM LATAM, destac\u00e1ndose por su labor en la visibilizaci\u00f3n de mujeres y disidencias en la Industria Musical Latinoamericana. Galardonada con el Premio Bime Equity By Amazon Music 2023 como Organizaci\u00f3n Igualitaria, la Alcald\u00eda de Panam\u00e1 tambi\u00e9n le ha otorgado un reconocimiento por su valioso aporte a la promoci\u00f3n de la cultura y el arte (2024). Su labor se traduce en diversas actividades que buscan visibilizar a las mujeres y disidencias en la Industria Musical Latinoamericana.<\/p>\n<p>&nbsp;<\/p>\n<p>\u00abCirculaci\u00f3n por la Equidad en la Industria Musical\u00bb llegar\u00e1 a Sudam\u00e9rica gracias al apoyo del Ministerio de Cultura de Panam\u00e1 y el Programa Iberm\u00fasicas en este viaje hacia la equidad y la inclusi\u00f3n en la m\u00fasica latinoamericana.<\/p>\n<p>&nbsp;<\/p>\n<ul>\n<li>22 y 23 de noviembre en Asunci\u00f3n del Paraguay<\/li>\n<\/ul>\n<p>&nbsp;<\/p>\n","protected":false},"excerpt":{"rendered":"<p>AtrapandoSue\u00f1os anuncia su gira \u201cCirculaci\u00f3n por la Equidad en la Industria Musical\u201d, un ciclo de formaci\u00f3n dise\u00f1ado para fortalecer alianzas y promover la equidad de g\u00e9nero en la industria musical. Con un enfoque colaborativo junto a organizaciones como el Colectivo Sorora M\u00fasica de Paraguay, Cancioneras Paraguayas y Estaci\u00f3n Crear, esta gira marca un paso adelante [&hellip;]<\/p>\n","protected":false},"author":7,"featured_media":20699,"comment_status":"closed","ping_status":"closed","sticky":false,"template":"","format":"standard","meta":{"footnotes":""},"categories":[53],"tags":[],"class_list":["post-20698","post","type-post","status-publish","format-standard","has-post-thumbnail","hentry","category-noticias-generales"],"lang":"es","translations":{"es":20698,"pt":20701},"pll_sync_post":[],"post_mailing_queue_ids":[],"_links":{"self":[{"href":"http:\/\/staging.ibermusicas.org\/index.php\/wp-json\/wp\/v2\/posts\/20698","targetHints":{"allow":["GET"]}}],"collection":[{"href":"http:\/\/staging.ibermusicas.org\/index.php\/wp-json\/wp\/v2\/posts"}],"about":[{"href":"http:\/\/staging.ibermusicas.org\/index.php\/wp-json\/wp\/v2\/types\/post"}],"author":[{"embeddable":true,"href":"http:\/\/staging.ibermusicas.org\/index.php\/wp-json\/wp\/v2\/users\/7"}],"replies":[{"embeddable":true,"href":"http:\/\/staging.ibermusicas.org\/index.php\/wp-json\/wp\/v2\/comments?post=20698"}],"version-history":[{"count":1,"href":"http:\/\/staging.ibermusicas.org\/index.php\/wp-json\/wp\/v2\/posts\/20698\/revisions"}],"predecessor-version":[{"id":20700,"href":"http:\/\/staging.ibermusicas.org\/index.php\/wp-json\/wp\/v2\/posts\/20698\/revisions\/20700"}],"wp:featuredmedia":[{"embeddable":true,"href":"http:\/\/staging.ibermusicas.org\/index.php\/wp-json\/wp\/v2\/media\/20699"}],"wp:attachment":[{"href":"http:\/\/staging.ibermusicas.org\/index.php\/wp-json\/wp\/v2\/media?parent=20698"}],"wp:term":[{"taxonomy":"category","embeddable":true,"href":"http:\/\/staging.ibermusicas.org\/index.php\/wp-json\/wp\/v2\/categories?post=20698"},{"taxonomy":"post_tag","embeddable":true,"href":"http:\/\/staging.ibermusicas.org\/index.php\/wp-json\/wp\/v2\/tags?post=20698"}],"curies":[{"name":"wp","href":"https:\/\/api.w.org\/{rel}","templated":true}]}}