{"id":20703,"date":"2024-11-13T21:11:13","date_gmt":"2024-11-13T21:11:13","guid":{"rendered":"http:\/\/staging.ibermusicas.org\/?p=20703"},"modified":"2024-12-04T14:51:30","modified_gmt":"2024-12-04T14:51:30","slug":"la-orquestra-assintomatica-de-portugal-estara-de-gira-por-sudamerica","status":"publish","type":"post","link":"http:\/\/staging.ibermusicas.org\/index.php\/la-orquestra-assintomatica-de-portugal-estara-de-gira-por-sudamerica\/","title":{"rendered":"La Orquestra Assintom\u00e1tica de Portugal estar\u00e1 de gira por Sudam\u00e9rica"},"content":{"rendered":"<p>La Orquestra Assintom\u00e1tica realizar\u00e1 una gira por Sudam\u00e9rica llevando su rica armon\u00eda y vibrante energ\u00eda a los escenarios de varias ciudades de la regi\u00f3n. Este extraordinario proyecto se lleva a cabo con el apoyo del Programa Iberm\u00fasicas.<\/p>\n<p>&nbsp;<\/p>\n<p>Formada por talentosos m\u00fasicos de diferentes nacionalidades, la Orquestra Assintom\u00e1tica es conocida por su enfoque innovador y apasionado de la m\u00fasica cl\u00e1sica y contempor\u00e1nea, su misi\u00f3n de unir culturas y promover la excelencia musical trasciende fronteras.<\/p>\n<p>&nbsp;<\/p>\n<p>Durante la gira, realizada gracias al apoyo de Iberm\u00fasicas, la Orquestra Assintom\u00e1tica\u00a0 interpretar\u00e1 un repertorio diverso que abarca desde obras cl\u00e1sicas consagradas hasta emocionantes composiciones contempor\u00e1neas. Los espectadores podr\u00e1n disfrutar de una experiencia \u00fanica, llena de momentos de belleza y virtuosismo musical.<\/p>\n<p>&nbsp;<\/p>\n<p>27 de noviembre: Instituto Ling, Porto Alegre, Brasil<\/p>\n","protected":false},"excerpt":{"rendered":"<p>La Orquestra Assintom\u00e1tica realizar\u00e1 una gira por Sudam\u00e9rica llevando su rica armon\u00eda y vibrante energ\u00eda a los escenarios de varias ciudades de la regi\u00f3n. Este extraordinario proyecto se lleva a cabo con el apoyo del Programa Iberm\u00fasicas. &nbsp; Formada por talentosos m\u00fasicos de diferentes nacionalidades, la Orquestra Assintom\u00e1tica es conocida por su enfoque innovador y [&hellip;]<\/p>\n","protected":false},"author":7,"featured_media":20704,"comment_status":"closed","ping_status":"closed","sticky":false,"template":"","format":"standard","meta":{"footnotes":""},"categories":[53],"tags":[],"class_list":["post-20703","post","type-post","status-publish","format-standard","has-post-thumbnail","hentry","category-noticias-generales"],"lang":"es","translations":{"es":20703,"pt":20706},"pll_sync_post":[],"post_mailing_queue_ids":[],"_links":{"self":[{"href":"http:\/\/staging.ibermusicas.org\/index.php\/wp-json\/wp\/v2\/posts\/20703","targetHints":{"allow":["GET"]}}],"collection":[{"href":"http:\/\/staging.ibermusicas.org\/index.php\/wp-json\/wp\/v2\/posts"}],"about":[{"href":"http:\/\/staging.ibermusicas.org\/index.php\/wp-json\/wp\/v2\/types\/post"}],"author":[{"embeddable":true,"href":"http:\/\/staging.ibermusicas.org\/index.php\/wp-json\/wp\/v2\/users\/7"}],"replies":[{"embeddable":true,"href":"http:\/\/staging.ibermusicas.org\/index.php\/wp-json\/wp\/v2\/comments?post=20703"}],"version-history":[{"count":1,"href":"http:\/\/staging.ibermusicas.org\/index.php\/wp-json\/wp\/v2\/posts\/20703\/revisions"}],"predecessor-version":[{"id":20705,"href":"http:\/\/staging.ibermusicas.org\/index.php\/wp-json\/wp\/v2\/posts\/20703\/revisions\/20705"}],"wp:featuredmedia":[{"embeddable":true,"href":"http:\/\/staging.ibermusicas.org\/index.php\/wp-json\/wp\/v2\/media\/20704"}],"wp:attachment":[{"href":"http:\/\/staging.ibermusicas.org\/index.php\/wp-json\/wp\/v2\/media?parent=20703"}],"wp:term":[{"taxonomy":"category","embeddable":true,"href":"http:\/\/staging.ibermusicas.org\/index.php\/wp-json\/wp\/v2\/categories?post=20703"},{"taxonomy":"post_tag","embeddable":true,"href":"http:\/\/staging.ibermusicas.org\/index.php\/wp-json\/wp\/v2\/tags?post=20703"}],"curies":[{"name":"wp","href":"https:\/\/api.w.org\/{rel}","templated":true}]}}