{"id":20706,"date":"2024-11-13T21:12:40","date_gmt":"2024-11-13T21:12:40","guid":{"rendered":"http:\/\/staging.ibermusicas.org\/?p=20706"},"modified":"2024-12-04T13:53:18","modified_gmt":"2024-12-04T13:53:18","slug":"a-orquestra-assintomatica-de-portugal-fara-um-tour-pela-america-do-sul","status":"publish","type":"post","link":"http:\/\/staging.ibermusicas.org\/index.php\/a-orquestra-assintomatica-de-portugal-fara-um-tour-pela-america-do-sul\/","title":{"rendered":"A Orquestra Assintom\u00e1tica de Portugal, far\u00e1 um tour pela Am\u00e9rica do Sul"},"content":{"rendered":"<p>A Orquestra Assintom\u00e1tica vai realizar um tour pela Am\u00e9rica do Sul trazendo sua rica harmonia e vibrante energia para os palcos de diversas cidades da regi\u00e3o. Este projeto extraordin\u00e1rio \u00e9 realizado em com apoio do Programa Iberm\u00fasicas.<\/p>\n<p>&nbsp;<\/p>\n<p>Composta por talentosos m\u00fasicos de diversas nacionalidades, a Orquestra Assintom\u00e1tica \u00e9 conhecida por sua abordagem inovadora e apaixonada \u00e0 m\u00fasica cl\u00e1ssica e contempor\u00e2nea, sua miss\u00e3o de unir culturas e promover a excel\u00eancia musical transcende fronteiras.<\/p>\n<p>&nbsp;<\/p>\n<p>Durante a turn\u00ea, que \u00e9 poss\u00edvel gra\u00e7as ao apoio do Iberm\u00fasicas, a Orquestra Assintom\u00e1tica apresentar\u00e1 um repert\u00f3rio diversificado que abrange desde obras cl\u00e1ssicas consagradas at\u00e9 composi\u00e7\u00f5es contempor\u00e2neas emocionantes. Os espectadores podem esperar uma experi\u00eancia \u00fanica, repleta de momentos de beleza e virtuosismo musical.<\/p>\n<p>&nbsp;<\/p>\n<ul>\n<li>27 de novembro: Instituto Ling, Porto Alegre, Brasil<\/li>\n<\/ul>\n","protected":false},"excerpt":{"rendered":"<p>A Orquestra Assintom\u00e1tica vai realizar um tour pela Am\u00e9rica do Sul trazendo sua rica harmonia e vibrante energia para os palcos de diversas cidades da regi\u00e3o. Este projeto extraordin\u00e1rio \u00e9 realizado em com apoio do Programa Iberm\u00fasicas. &nbsp; Composta por talentosos m\u00fasicos de diversas nacionalidades, a Orquestra Assintom\u00e1tica \u00e9 conhecida por sua abordagem inovadora e [&hellip;]<\/p>\n","protected":false},"author":7,"featured_media":20704,"comment_status":"closed","ping_status":"closed","sticky":false,"template":"","format":"standard","meta":{"footnotes":""},"categories":[218],"tags":[],"class_list":["post-20706","post","type-post","status-publish","format-standard","has-post-thumbnail","hentry","category-noticias-generales-pt"],"lang":"pt","translations":{"pt":20706,"es":20703},"pll_sync_post":[],"post_mailing_queue_ids":[],"_links":{"self":[{"href":"http:\/\/staging.ibermusicas.org\/index.php\/wp-json\/wp\/v2\/posts\/20706","targetHints":{"allow":["GET"]}}],"collection":[{"href":"http:\/\/staging.ibermusicas.org\/index.php\/wp-json\/wp\/v2\/posts"}],"about":[{"href":"http:\/\/staging.ibermusicas.org\/index.php\/wp-json\/wp\/v2\/types\/post"}],"author":[{"embeddable":true,"href":"http:\/\/staging.ibermusicas.org\/index.php\/wp-json\/wp\/v2\/users\/7"}],"replies":[{"embeddable":true,"href":"http:\/\/staging.ibermusicas.org\/index.php\/wp-json\/wp\/v2\/comments?post=20706"}],"version-history":[{"count":1,"href":"http:\/\/staging.ibermusicas.org\/index.php\/wp-json\/wp\/v2\/posts\/20706\/revisions"}],"predecessor-version":[{"id":20707,"href":"http:\/\/staging.ibermusicas.org\/index.php\/wp-json\/wp\/v2\/posts\/20706\/revisions\/20707"}],"wp:featuredmedia":[{"embeddable":true,"href":"http:\/\/staging.ibermusicas.org\/index.php\/wp-json\/wp\/v2\/media\/20704"}],"wp:attachment":[{"href":"http:\/\/staging.ibermusicas.org\/index.php\/wp-json\/wp\/v2\/media?parent=20706"}],"wp:term":[{"taxonomy":"category","embeddable":true,"href":"http:\/\/staging.ibermusicas.org\/index.php\/wp-json\/wp\/v2\/categories?post=20706"},{"taxonomy":"post_tag","embeddable":true,"href":"http:\/\/staging.ibermusicas.org\/index.php\/wp-json\/wp\/v2\/tags?post=20706"}],"curies":[{"name":"wp","href":"https:\/\/api.w.org\/{rel}","templated":true}]}}