{"id":20708,"date":"2024-11-13T21:20:01","date_gmt":"2024-11-13T21:20:01","guid":{"rendered":"http:\/\/staging.ibermusicas.org\/?p=20708"},"modified":"2024-12-04T14:51:36","modified_gmt":"2024-12-04T14:51:36","slug":"desde-ecuador-tamboras-presentan-mapeo-sonoro-politico-latinoamericano-de-mujeres-y-disidencias-reunidas-en-el-tambor","status":"publish","type":"post","link":"http:\/\/staging.ibermusicas.org\/index.php\/desde-ecuador-tamboras-presentan-mapeo-sonoro-politico-latinoamericano-de-mujeres-y-disidencias-reunidas-en-el-tambor\/","title":{"rendered":"Desde Ecuador, Tamboras presentan \u201cMapeo sonoro pol\u00edtico latinoamericano de mujeres y disidencias reunidas en el tambor\u201d"},"content":{"rendered":"<p>La Red Latinoamericana de Mujeres y Disidencias en el Tambor \u201cTamboras\u201d presenta un mapeo regional de mujeres y disidencias que se organizan y agrupan alrededor del toque de los tambores en latinoam\u00e9rica.<\/p>\n<p>&nbsp;<\/p>\n<p>Este proyecto ha sido desarrollado por Stephany C\u00e1rdenas de Ecuador y Paola Fassi de Argentina, mujeres, m\u00fasicas, investigadoras y tamboreras con una destacada trayectoria. Cuenta con la colaboraci\u00f3n y aportes de quienes integran el equipo de Dinamizaci\u00f3n Regional de la Red de Tamboras: Sur Garc\u00eda de Colombia, Andrea Nu\u00f1ez de Chile, Allison Peralta de Per\u00fa, Tata Bautista de Colombia, Ruth Montenegro de Ecuador, Carmen Angola de Bolivia y Lu Mattos de Brasil. A la vez, el proyecto ha sido apoyado por el Programa Iberm\u00fasicas.<\/p>\n<p>&nbsp;<\/p>\n<p>Durante el 6to Encuentro de Tamboras se realizar\u00e1 la presentaci\u00f3n de la p\u00e1gina web con los resultados del mapeo colectivo desde las voces de realizadoras y participantes. Ser\u00e1 transmitido el 25 de noviembre \u201cD\u00eda Internacional de la No Violencia\u201d desde la cuenta de YouTube de la agrupaci\u00f3n.<\/p>\n<p>&nbsp;<\/p>\n<ul>\n<li>30 de noviembre, 10h (regi\u00f3n andina), 12h (cono Sur)<\/li>\n<\/ul>\n<p>Ver en: https:\/\/www.youtube.com\/@TamborasLibertarias<\/p>\n","protected":false},"excerpt":{"rendered":"<p>La Red Latinoamericana de Mujeres y Disidencias en el Tambor \u201cTamboras\u201d presenta un mapeo regional de mujeres y disidencias que se organizan y agrupan alrededor del toque de los tambores en latinoam\u00e9rica. &nbsp; Este proyecto ha sido desarrollado por Stephany C\u00e1rdenas de Ecuador y Paola Fassi de Argentina, mujeres, m\u00fasicas, investigadoras y tamboreras con una [&hellip;]<\/p>\n","protected":false},"author":7,"featured_media":20709,"comment_status":"closed","ping_status":"closed","sticky":false,"template":"","format":"standard","meta":{"footnotes":""},"categories":[53],"tags":[],"class_list":["post-20708","post","type-post","status-publish","format-standard","has-post-thumbnail","hentry","category-noticias-generales"],"lang":"es","translations":{"es":20708,"pt":20712},"pll_sync_post":[],"post_mailing_queue_ids":[],"_links":{"self":[{"href":"http:\/\/staging.ibermusicas.org\/index.php\/wp-json\/wp\/v2\/posts\/20708","targetHints":{"allow":["GET"]}}],"collection":[{"href":"http:\/\/staging.ibermusicas.org\/index.php\/wp-json\/wp\/v2\/posts"}],"about":[{"href":"http:\/\/staging.ibermusicas.org\/index.php\/wp-json\/wp\/v2\/types\/post"}],"author":[{"embeddable":true,"href":"http:\/\/staging.ibermusicas.org\/index.php\/wp-json\/wp\/v2\/users\/7"}],"replies":[{"embeddable":true,"href":"http:\/\/staging.ibermusicas.org\/index.php\/wp-json\/wp\/v2\/comments?post=20708"}],"version-history":[{"count":2,"href":"http:\/\/staging.ibermusicas.org\/index.php\/wp-json\/wp\/v2\/posts\/20708\/revisions"}],"predecessor-version":[{"id":20711,"href":"http:\/\/staging.ibermusicas.org\/index.php\/wp-json\/wp\/v2\/posts\/20708\/revisions\/20711"}],"wp:featuredmedia":[{"embeddable":true,"href":"http:\/\/staging.ibermusicas.org\/index.php\/wp-json\/wp\/v2\/media\/20709"}],"wp:attachment":[{"href":"http:\/\/staging.ibermusicas.org\/index.php\/wp-json\/wp\/v2\/media?parent=20708"}],"wp:term":[{"taxonomy":"category","embeddable":true,"href":"http:\/\/staging.ibermusicas.org\/index.php\/wp-json\/wp\/v2\/categories?post=20708"},{"taxonomy":"post_tag","embeddable":true,"href":"http:\/\/staging.ibermusicas.org\/index.php\/wp-json\/wp\/v2\/tags?post=20708"}],"curies":[{"name":"wp","href":"https:\/\/api.w.org\/{rel}","templated":true}]}}