{"id":20712,"date":"2024-11-13T21:21:21","date_gmt":"2024-11-13T21:21:21","guid":{"rendered":"http:\/\/staging.ibermusicas.org\/?p=20712"},"modified":"2024-12-04T13:53:11","modified_gmt":"2024-12-04T13:53:11","slug":"do-equador-tamboras-apresentam-mapeamento-politico-sonoro-latino-americano-de-mulheres-e-dissidencias-reunidas-em-torno-do-tambor","status":"publish","type":"post","link":"http:\/\/staging.ibermusicas.org\/index.php\/do-equador-tamboras-apresentam-mapeamento-politico-sonoro-latino-americano-de-mulheres-e-dissidencias-reunidas-em-torno-do-tambor\/","title":{"rendered":"Do Equador, Tamboras apresentam \u201cMapeamento pol\u00edtico sonoro latino-americano de mulheres e dissid\u00eancias reunidas em torno do tambor\u201d"},"content":{"rendered":"<p>A Rede Latino-Americana de Mulheres e Dissid\u00eancias no Tambor \u201cTamboras\u201d apresenta um mapeamento regional de mulheres e dissid\u00eancias que se organizam e agrupam em torno do tambor na Am\u00e9rica Latina.<\/p>\n<p>&nbsp;<\/p>\n<p>Este projeto foi desenvolvido por Stephany C\u00e1rdenas do Equador e Paola Fassi da Argentina, mulheres, musicistas, investigadoras e bateristas com uma trajet\u00f3ria not\u00e1vel. Conta com a colabora\u00e7\u00e3o e contribui\u00e7\u00e3o dos membros da equipa de Dinamiza\u00e7\u00e3o Regional da Red de Tamboras: Sur Garc\u00eda da Col\u00f4mbia, Andrea Nu\u00f1ez do Chile, Allison Peralta do Peru, Tata Bautista da Col\u00f4mbia, Ruth Montenegro do Equador, Carmen Angola da Bol\u00edvia e Lu Mattos do Brasil. Ao mesmo tempo, o projeto foi apoiado pelo Programa Iberm\u00fasicas.<\/p>\n<p>&nbsp;<\/p>\n<p>Durante o 6\u00ba Encuentro de Tamboras, ter\u00e1 lugar a apresenta\u00e7\u00e3o da p\u00e1gina web com os resultados do mapeamento coletivo a partir das vozes dos realizadores e participantes. Ser\u00e1 transmitido no dia 25 de novembro \u201cDia Internacional da N\u00e3o-Viol\u00eancia\u201d a partir da conta YouTube do grupo.<\/p>\n<p>&nbsp;<\/p>\n<ul>\n<li>30 de novembro, 10h (regi\u00e3o andina), 12h (cone sul)<\/li>\n<\/ul>\n<p>Ver em: https:\/\/www.youtube.com\/@TamborasLibertarias<\/p>\n","protected":false},"excerpt":{"rendered":"<p>A Rede Latino-Americana de Mulheres e Dissid\u00eancias no Tambor \u201cTamboras\u201d apresenta um mapeamento regional de mulheres e dissid\u00eancias que se organizam e agrupam em torno do tambor na Am\u00e9rica Latina. &nbsp; Este projeto foi desenvolvido por Stephany C\u00e1rdenas do Equador e Paola Fassi da Argentina, mulheres, musicistas, investigadoras e bateristas com uma trajet\u00f3ria not\u00e1vel. Conta [&hellip;]<\/p>\n","protected":false},"author":7,"featured_media":20709,"comment_status":"closed","ping_status":"closed","sticky":false,"template":"","format":"standard","meta":{"footnotes":""},"categories":[218],"tags":[],"class_list":["post-20712","post","type-post","status-publish","format-standard","has-post-thumbnail","hentry","category-noticias-generales-pt"],"lang":"pt","translations":{"pt":20712,"es":20708},"pll_sync_post":[],"post_mailing_queue_ids":[],"_links":{"self":[{"href":"http:\/\/staging.ibermusicas.org\/index.php\/wp-json\/wp\/v2\/posts\/20712","targetHints":{"allow":["GET"]}}],"collection":[{"href":"http:\/\/staging.ibermusicas.org\/index.php\/wp-json\/wp\/v2\/posts"}],"about":[{"href":"http:\/\/staging.ibermusicas.org\/index.php\/wp-json\/wp\/v2\/types\/post"}],"author":[{"embeddable":true,"href":"http:\/\/staging.ibermusicas.org\/index.php\/wp-json\/wp\/v2\/users\/7"}],"replies":[{"embeddable":true,"href":"http:\/\/staging.ibermusicas.org\/index.php\/wp-json\/wp\/v2\/comments?post=20712"}],"version-history":[{"count":1,"href":"http:\/\/staging.ibermusicas.org\/index.php\/wp-json\/wp\/v2\/posts\/20712\/revisions"}],"predecessor-version":[{"id":20713,"href":"http:\/\/staging.ibermusicas.org\/index.php\/wp-json\/wp\/v2\/posts\/20712\/revisions\/20713"}],"wp:featuredmedia":[{"embeddable":true,"href":"http:\/\/staging.ibermusicas.org\/index.php\/wp-json\/wp\/v2\/media\/20709"}],"wp:attachment":[{"href":"http:\/\/staging.ibermusicas.org\/index.php\/wp-json\/wp\/v2\/media?parent=20712"}],"wp:term":[{"taxonomy":"category","embeddable":true,"href":"http:\/\/staging.ibermusicas.org\/index.php\/wp-json\/wp\/v2\/categories?post=20712"},{"taxonomy":"post_tag","embeddable":true,"href":"http:\/\/staging.ibermusicas.org\/index.php\/wp-json\/wp\/v2\/tags?post=20712"}],"curies":[{"name":"wp","href":"https:\/\/api.w.org\/{rel}","templated":true}]}}