{"id":20726,"date":"2024-11-29T11:02:39","date_gmt":"2024-11-29T11:02:39","guid":{"rendered":"http:\/\/staging.ibermusicas.org\/?p=20726"},"modified":"2025-04-08T13:17:53","modified_gmt":"2025-04-08T13:17:53","slug":"ibermusicas-anuncia-los-proyectos-seleccionados-de-las-convocatorias-2024-para-impulsar-el-sector-musical-iberoamericano","status":"publish","type":"post","link":"http:\/\/staging.ibermusicas.org\/index.php\/ibermusicas-anuncia-los-proyectos-seleccionados-de-las-convocatorias-2024-para-impulsar-el-sector-musical-iberoamericano\/","title":{"rendered":"Iberm\u00fasicas Anuncia los Proyectos Seleccionados de las Convocatorias 2024 para Impulsar el Sector Musical Iberoamericano"},"content":{"rendered":"<p>Iberm\u00fasicas da a conocer los proyectos seleccionados dentro de las diversas l\u00edneas de ayudas destinadas a fortalecer y dinamizar el sector musical de Iberoam\u00e9rica mediante pol\u00edticas p\u00fablicas de apoyo. Tras una amplia convocatoria en la que se recibieron 1,671 propuestas, los proyectos elegidos por las y los jurados abarcan una enorme variedad de iniciativas de todos los estilos, g\u00e9neros y tradiciones que promueven la internacionalizaci\u00f3n, la creaci\u00f3n, la formaci\u00f3n, la accesibilidad y la inclusi\u00f3n, la profesionalizaci\u00f3n y la difusi\u00f3n de la m\u00fasica iberoamericana a nivel global.<\/p>\n<p>Las categor\u00edas de apoyo incluyen:<\/p>\n<p><strong>\u25cf Ayuda a la circulaci\u00f3n de profesionales de la m\u00fasica:<\/strong>\u00a0Dirigida a todos el sector musical, esta l\u00ednea financia la compra de pasajes para facilitar la movilidad de artistas y profesionales en el \u00e1mbito global.<\/p>\n<p><strong>\u25cf Ayuda a la programaci\u00f3n musical:<\/strong>\u00a0Esta convocatoria est\u00e1 destinada a programadores de festivales, salas de conciertos y otros eventos musicales, facilitando que inviten a artistas, capacitadores, investigadores, entre otros, para enriquecer sus propuestas culturales y educativas con propuestas internacionales.<\/p>\n<p><strong>\u25cf Ayuda a artistas e investigadores para residencias:<\/strong>\u00a0Esta l\u00ednea apoya a artistas e investigadores que desean desarrollar proyectos creativos o de investigaci\u00f3n en residencias musicales alrededor del mundo, con una duraci\u00f3n m\u00ednima de tres semanas.<\/p>\n<p><strong>\u25cf Ayuda a instituciones para residencias:<\/strong>\u00a0Apoya a instituciones, ya sean p\u00fablicas o privadas, que desean invitar a artistas o investigadores internacionales a realizar trabajos de creaci\u00f3n o investigaci\u00f3n en sus instalaciones.<\/p>\n<p><strong>\u25cf Ayuda a la especializaci\u00f3n y el perfeccionamiento art\u00edstico y t\u00e9cnico:<\/strong>\u00a0Este apoyo est\u00e1 destinado a m\u00fasicos y profesionales que deseen realizar estudios avanzados tanto en el \u00e1mbito institucional como a trav\u00e9s de formaciones con maestros de la cultura popular.<\/p>\n<p><strong>\u25cf Ayuda a proyectos virtuales:<\/strong>\u00a0Esta convocatoria apoya la realizaci\u00f3n de proyectos musicales a trav\u00e9s de plataformas virtuales, como la grabaci\u00f3n de \u00e1lbumes, shows en streaming, talleres virtuales, podcasts y otros formatos digitales.<\/p>\n<p>Entre otras iniciativas, este ciclo incluye convocatorias especiales como el\u00a0<strong>Premio Iberm\u00fasicas de canci\u00f3n para las infancias<\/strong>, orientado a la creaci\u00f3n de canciones dirigidas a los m\u00e1s j\u00f3venes, y el\u00a0<strong>Premio Iberm\u00fasicas de composici\u00f3n de obra coral<\/strong>, que fomenta la creaci\u00f3n de nuevas obras corales que ser\u00e1n estrenadas por orquestas de primer nivel de Cuba y Venezuela.<\/p>\n<p>Adem\u00e1s, se destacan proyectos como la\u00a0<strong>Convocatoria Iberm\u00fasicas \u2013 Mid Atlantic Arts<\/strong>, que apoya la circulaci\u00f3n de artistas iberoamericanos en Estados Unidos, y la nueva l\u00ednea\u00a0<strong>Viajes por la m\u00fasica en lengua portuguesa<\/strong>, que facilita la circulaci\u00f3n de artistas de pa\u00edses lus\u00f3fonos de \u00c1frica y Asia hacia Iberoam\u00e9rica, promoviendo el intercambio cultural y la cooperaci\u00f3n entre regiones.<\/p>\n<p>Iberm\u00fasicas tambi\u00e9n ofrece el\u00a0<strong>Premio Brasil &#8211; Iberm\u00fasicas<\/strong>, que reconoce iniciativas dedicadas a la difusi\u00f3n de la m\u00fasica brasile\u00f1a, y el\u00a0<strong>Premio Per\u00fa &#8211; Iberm\u00fasicas<\/strong>, conmemorando el centenario de Nicomedes Santa Cruz y premiando la creaci\u00f3n de canciones inspiradas en su legado musical.<\/p>\n<p><strong>Este anuncio inaugura un nuevo ciclo de apoyo a la m\u00fasica iberoamericana, fomentando la colaboraci\u00f3n entre artistas y comunidades de todo el mundo. De esta manera, Iberm\u00fasicas contin\u00faa demostrando su compromiso con la democratizaci\u00f3n de la cultura y el fortalecimiento de la m\u00fasica como motor de transformaci\u00f3n social, reafirmando su compromiso de impulsar pol\u00edticas p\u00fablicas que fortalezcan los lazos dentro de la regi\u00f3n y m\u00e1s all\u00e1 de sus fronteras, ampliando el alcance de la m\u00fasica iberoamericana y generando oportunidades para el desarrollo profesional, el intercambio de conocimientos y la expansi\u00f3n de mercados.<\/strong><\/p>\n<p><a href=\"https:\/\/seleccionados.staging.ibermusicas.org\/\" target=\"_blank\" rel=\"noopener\">Proyectos seleccionados<\/a><\/p>\n","protected":false},"excerpt":{"rendered":"<p>Iberm\u00fasicas da a conocer los proyectos seleccionados dentro de las diversas l\u00edneas de ayudas destinadas a fortalecer y dinamizar el sector musical de Iberoam\u00e9rica mediante pol\u00edticas p\u00fablicas de apoyo. Tras una amplia convocatoria en la que se recibieron 1,671 propuestas, los proyectos elegidos por las y los jurados abarcan una enorme variedad de iniciativas de [&hellip;]<\/p>\n","protected":false},"author":7,"featured_media":20737,"comment_status":"closed","ping_status":"closed","sticky":false,"template":"","format":"standard","meta":{"footnotes":""},"categories":[53],"tags":[],"class_list":["post-20726","post","type-post","status-publish","format-standard","has-post-thumbnail","hentry","category-noticias-generales"],"lang":"es","translations":{"es":20726},"pll_sync_post":[],"post_mailing_queue_ids":[],"_links":{"self":[{"href":"http:\/\/staging.ibermusicas.org\/index.php\/wp-json\/wp\/v2\/posts\/20726","targetHints":{"allow":["GET"]}}],"collection":[{"href":"http:\/\/staging.ibermusicas.org\/index.php\/wp-json\/wp\/v2\/posts"}],"about":[{"href":"http:\/\/staging.ibermusicas.org\/index.php\/wp-json\/wp\/v2\/types\/post"}],"author":[{"embeddable":true,"href":"http:\/\/staging.ibermusicas.org\/index.php\/wp-json\/wp\/v2\/users\/7"}],"replies":[{"embeddable":true,"href":"http:\/\/staging.ibermusicas.org\/index.php\/wp-json\/wp\/v2\/comments?post=20726"}],"version-history":[{"count":2,"href":"http:\/\/staging.ibermusicas.org\/index.php\/wp-json\/wp\/v2\/posts\/20726\/revisions"}],"predecessor-version":[{"id":20808,"href":"http:\/\/staging.ibermusicas.org\/index.php\/wp-json\/wp\/v2\/posts\/20726\/revisions\/20808"}],"wp:featuredmedia":[{"embeddable":true,"href":"http:\/\/staging.ibermusicas.org\/index.php\/wp-json\/wp\/v2\/media\/20737"}],"wp:attachment":[{"href":"http:\/\/staging.ibermusicas.org\/index.php\/wp-json\/wp\/v2\/media?parent=20726"}],"wp:term":[{"taxonomy":"category","embeddable":true,"href":"http:\/\/staging.ibermusicas.org\/index.php\/wp-json\/wp\/v2\/categories?post=20726"},{"taxonomy":"post_tag","embeddable":true,"href":"http:\/\/staging.ibermusicas.org\/index.php\/wp-json\/wp\/v2\/tags?post=20726"}],"curies":[{"name":"wp","href":"https:\/\/api.w.org\/{rel}","templated":true}]}}