{"id":20728,"date":"2024-11-29T11:03:22","date_gmt":"2024-11-29T11:03:22","guid":{"rendered":"http:\/\/staging.ibermusicas.org\/?p=20728"},"modified":"2025-04-08T13:14:34","modified_gmt":"2025-04-08T13:14:34","slug":"ibermusicas-anuncia-os-projectos-selecionados-das-convocatorias-2024-para-impulsionar-o-sector-musical-ibero-americano","status":"publish","type":"post","link":"http:\/\/staging.ibermusicas.org\/index.php\/ibermusicas-anuncia-os-projectos-selecionados-das-convocatorias-2024-para-impulsionar-o-sector-musical-ibero-americano\/","title":{"rendered":"Iberm\u00fasicas anuncia os Projectos Selecionados das convocat\u00f3rias 2024 para impulsionar o sector musical ibero-americano"},"content":{"rendered":"<p>O Iberm\u00fasicas anuncia os projectos selecionados dentro das diferentes linhas de apoio destinadas a fortalecer e impulsionar o sector musical ibero-americano atrav\u00e9s de pol\u00edticas p\u00fablicas de apoio. Ap\u00f3s uma ampla convocat\u00f3ria em que foram recebidas 1.671 propostas, os projectos selecionados pelos j\u00faris abrangem uma grande variedade de iniciativas de todos os estilos, g\u00e9neros e tradi\u00e7\u00f5es que promovem a internacionaliza\u00e7\u00e3o, a cria\u00e7\u00e3o, a forma\u00e7\u00e3o, a acessibilidade e a inclus\u00e3o, a profissionaliza\u00e7\u00e3o e a difus\u00e3o da m\u00fasica ibero-americana a n\u00edvel global.<\/p>\n<p>As categorias de apoio incluem:<\/p>\n<p><strong>\u25cf Ajuda \u00e0 circula\u00e7\u00e3o de profissionais da m\u00fasica:<\/strong>\u00a0Destinada a todo o sector musical, esta linha financia a compra de bilhetes para facilitar a mobilidade de artistas e profissionais a n\u00edvel mundial.<\/p>\n<p><strong>\u25cf Apoio \u00e0 programa\u00e7\u00e3o musical:<\/strong>\u00a0Este convite destina-se aos programadores de festivais, salas de concerto e outros eventos musicais, permitindo-lhes convidar artistas, formadores, investigadores, entre outros, para enriquecer as suas propostas culturais e educativas com propostas internacionais.<\/p>\n<p><strong>\u25cf Apoio a artistas e investigadores para resid\u00eancias:<\/strong>\u00a0Esta linha apoia artistas e investigadores que pretendam desenvolver projectos criativos ou de investiga\u00e7\u00e3o em resid\u00eancias musicais em todo o mundo, com uma dura\u00e7\u00e3o m\u00ednima de tr\u00eas semanas.<\/p>\n<p><strong>\u25cf Apoio a institui\u00e7\u00f5es para resid\u00eancias:<\/strong>\u00a0Esta linha apoia institui\u00e7\u00f5es, p\u00fablicas ou privadas, que pretendam convidar artistas ou investigadores internacionais para desenvolverem trabalhos de cria\u00e7\u00e3o ou investiga\u00e7\u00e3o nas suas instala\u00e7\u00f5es.<\/p>\n<p><strong>\u25cf Apoio \u00e0 especializa\u00e7\u00e3o e aperfei\u00e7oamento art\u00edstico e t\u00e9cnico:<\/strong>\u00a0Este apoio destina-se a m\u00fasicos e profissionais que pretendam realizar estudos avan\u00e7ados tanto no \u00e2mbito institucional como atrav\u00e9s da forma\u00e7\u00e3o com mestres da cultura popular.<\/p>\n<p><strong>\u25cf Apoio a projectos virtuais:<\/strong>\u00a0Este concurso apoia a realiza\u00e7\u00e3o de projectos musicais atrav\u00e9s de plataformas virtuais, como a grava\u00e7\u00e3o de \u00e1lbuns, espect\u00e1culos em streaming, oficinas virtuais, podcasts e outros formatos digitais.<\/p>\n<p>Entre outras iniciativas, este ciclo inclui convocat\u00f3rias especiais como o\u00a0<strong>Pr\u00e9mio Iberm\u00fasicas de Can\u00e7\u00f5es para a Inf\u00e2ncia<\/strong>, destinado \u00e0 cria\u00e7\u00e3o de can\u00e7\u00f5es dirigidas aos mais pequenos, e o\u00a0<strong>Pr\u00e9mio Iberm\u00fasicas para a composi\u00e7\u00e3o de obras corais<\/strong>, que incentiva a cria\u00e7\u00e3o de novas obras corais a serem estreadas por orquestras de primeiro n\u00edvel em Cuba e na Venezuela.<\/p>\n<p>Al\u00e9m disso, destacam-se projetos como a\u00a0<strong>Convocat\u00f3ria Iberm\u00fasicas &#8211; Mid Atlantic Arts<\/strong>, que apoia a circula\u00e7\u00e3o de artistas ibero-americanos nos Estados Unidos, e a nova linha\u00a0<strong>Viagens para a m\u00fasica em l\u00edngua portuguesa<\/strong>, que facilita a circula\u00e7\u00e3o de artistas de pa\u00edses lus\u00f3fonos da \u00c1frica e da \u00c1sia para a Ibero-Am\u00e9rica, promovendo o interc\u00e2mbio cultural e a coopera\u00e7\u00e3o entre as regi\u00f5es.<\/p>\n<p>O Iberm\u00fasicas oferece ainda o\u00a0<strong>Pr\u00e9mio Brasil &#8211; Iberm\u00fasicas<\/strong>, que reconhece iniciativas dedicadas \u00e0 divulga\u00e7\u00e3o da m\u00fasica brasileira, e o\u00a0<strong>Pr\u00e9mio Peru &#8211; Iberm\u00fasicas<\/strong>, que comemora o centen\u00e1rio de Nicomedes Santa Cruz e premeia a cria\u00e7\u00e3o de can\u00e7\u00f5es inspiradas no seu legado musical.<\/p>\n<p><strong>Este an\u00fancio inaugura um novo ciclo de apoio \u00e0 m\u00fasica ibero-americana, fomentando a colabora\u00e7\u00e3o entre artistas e comunidades de todo o mundo. Desta forma, o Iberm\u00fasicas continua a demonstrar o seu compromisso com a democratiza\u00e7\u00e3o da cultura e o fortalecimento da m\u00fasica como motor de transforma\u00e7\u00e3o social, reafirmando o seu empenho em promover pol\u00edticas p\u00fablicas que fortale\u00e7am os la\u00e7os dentro e fora da regi\u00e3o, alargando o alcance da m\u00fasica ibero-americana e gerando oportunidades de desenvolvimento profissional, interc\u00e2mbio de conhecimentos e expans\u00e3o do mercado.<\/strong><\/p>\n<p><a href=\"https:\/\/seleccionados.staging.ibermusicas.org\/pt\" target=\"_blank\" rel=\"noopener\">Projetos selecionados<\/a><\/p>\n","protected":false},"excerpt":{"rendered":"<p>O Iberm\u00fasicas anuncia os projectos selecionados dentro das diferentes linhas de apoio destinadas a fortalecer e impulsionar o sector musical ibero-americano atrav\u00e9s de pol\u00edticas p\u00fablicas de apoio. Ap\u00f3s uma ampla convocat\u00f3ria em que foram recebidas 1.671 propostas, os projectos selecionados pelos j\u00faris abrangem uma grande variedade de iniciativas de todos os estilos, g\u00e9neros e tradi\u00e7\u00f5es [&hellip;]<\/p>\n","protected":false},"author":7,"featured_media":20738,"comment_status":"closed","ping_status":"closed","sticky":false,"template":"","format":"standard","meta":{"footnotes":""},"categories":[218],"tags":[],"class_list":["post-20728","post","type-post","status-publish","format-standard","has-post-thumbnail","hentry","category-noticias-generales-pt"],"lang":"pt","translations":{"pt":20728},"pll_sync_post":[],"post_mailing_queue_ids":[],"_links":{"self":[{"href":"http:\/\/staging.ibermusicas.org\/index.php\/wp-json\/wp\/v2\/posts\/20728","targetHints":{"allow":["GET"]}}],"collection":[{"href":"http:\/\/staging.ibermusicas.org\/index.php\/wp-json\/wp\/v2\/posts"}],"about":[{"href":"http:\/\/staging.ibermusicas.org\/index.php\/wp-json\/wp\/v2\/types\/post"}],"author":[{"embeddable":true,"href":"http:\/\/staging.ibermusicas.org\/index.php\/wp-json\/wp\/v2\/users\/7"}],"replies":[{"embeddable":true,"href":"http:\/\/staging.ibermusicas.org\/index.php\/wp-json\/wp\/v2\/comments?post=20728"}],"version-history":[{"count":2,"href":"http:\/\/staging.ibermusicas.org\/index.php\/wp-json\/wp\/v2\/posts\/20728\/revisions"}],"predecessor-version":[{"id":20814,"href":"http:\/\/staging.ibermusicas.org\/index.php\/wp-json\/wp\/v2\/posts\/20728\/revisions\/20814"}],"wp:featuredmedia":[{"embeddable":true,"href":"http:\/\/staging.ibermusicas.org\/index.php\/wp-json\/wp\/v2\/media\/20738"}],"wp:attachment":[{"href":"http:\/\/staging.ibermusicas.org\/index.php\/wp-json\/wp\/v2\/media?parent=20728"}],"wp:term":[{"taxonomy":"category","embeddable":true,"href":"http:\/\/staging.ibermusicas.org\/index.php\/wp-json\/wp\/v2\/categories?post=20728"},{"taxonomy":"post_tag","embeddable":true,"href":"http:\/\/staging.ibermusicas.org\/index.php\/wp-json\/wp\/v2\/tags?post=20728"}],"curies":[{"name":"wp","href":"https:\/\/api.w.org\/{rel}","templated":true}]}}