{"id":20730,"date":"2024-11-29T11:02:56","date_gmt":"2024-11-29T11:02:56","guid":{"rendered":"http:\/\/staging.ibermusicas.org\/?p=20730"},"modified":"2025-03-27T17:51:52","modified_gmt":"2025-03-27T17:51:52","slug":"ibermusicas-anuncia-los-proyectos-seleccionados-de-la-convocatoria-ibermusicas-mid-atlantic-arts","status":"publish","type":"post","link":"http:\/\/staging.ibermusicas.org\/index.php\/ibermusicas-anuncia-los-proyectos-seleccionados-de-la-convocatoria-ibermusicas-mid-atlantic-arts\/","title":{"rendered":"Iberm\u00fasicas anuncia los proyectos seleccionados de la convocatoria Iberm\u00fasicas &#8211; Mid Atlantic Arts"},"content":{"rendered":"<p>Con el \u00e1nimo de fomentar el intercambio cultural y fortalecer el di\u00e1logo entre los artistas musicales de Iberoam\u00e9rica y Estados Unidos, Iberm\u00fasicas y Mid Atlantic Arts dan a conocer los proyectos ganadores de la convocatoria destinada a apoyar la circulaci\u00f3n de artistas de Iberoam\u00e9rica en el territorio estadounidense.<\/p>\n<p>Esta iniciativa tiene como objetivo promover la diversidad musical y enriquecer el panorama cultural de ambas regiones. Los proyectos seleccionados recibir\u00e1n ayudas econ\u00f3micas para facilitar su presencia en Estados Unidos, apoyando a artistas de todos los g\u00e9neros musicales, desde la m\u00fasica tradicional hasta las propuestas m\u00e1s innovadoras.<\/p>\n<p>Los proyectos fueron evaluados bajo criterios rigurosos, tomando en cuenta su potencial para contribuir al desarrollo de nuevos lenguajes musicales, la creaci\u00f3n de redes de trabajo duraderas y el impulso a la formaci\u00f3n de p\u00fablicos en diversas ciudades de la regi\u00f3n de Mid Atlantic. Adem\u00e1s, se valor\u00f3 especialmente la inclusi\u00f3n de actividades de vinculaci\u00f3n con las comunidades locales, tales como cursos, talleres, masterclasses, debates y mesas abiertas, que permiten un intercambio directo con las comunidades iberoamericanas migrantes y locales.<\/p>\n<p>Los proyectos ganadores reflejan la diversidad cultural y la riqueza musical de Iberoam\u00e9rica y prometen generar un impacto significativo en el \u00e1mbito musical estadounidense. A trav\u00e9s de estas acciones, Iberm\u00fasicas y Mid Atlantic Arts buscan no solo apoyar el desarrollo art\u00edstico de los proyectos seleccionados, sino tambi\u00e9n fortalecer los lazos de colaboraci\u00f3n y entendimiento entre las culturas de ambas regiones.<\/p>\n<p>Esta convocatoria es un paso m\u00e1s en el compromiso de ambas organizaciones por promover la m\u00fasica como herramienta de transformaci\u00f3n social y cultural, y por seguir impulsando el encuentro entre artistas y comunidades en el \u00e1mbito global.<\/p>\n<p><a href=\"https:\/\/seleccionados.staging.ibermusicas.org\/\" target=\"_blank\" rel=\"noopener\">Proyectos seleccionados<\/a><\/p>\n","protected":false},"excerpt":{"rendered":"<p>Con el \u00e1nimo de fomentar el intercambio cultural y fortalecer el di\u00e1logo entre los artistas musicales de Iberoam\u00e9rica y Estados Unidos, Iberm\u00fasicas y Mid Atlantic Arts dan a conocer los proyectos ganadores de la convocatoria destinada a apoyar la circulaci\u00f3n de artistas de Iberoam\u00e9rica en el territorio estadounidense. Esta iniciativa tiene como objetivo promover la [&hellip;]<\/p>\n","protected":false},"author":7,"featured_media":20731,"comment_status":"closed","ping_status":"closed","sticky":false,"template":"","format":"standard","meta":{"footnotes":""},"categories":[53],"tags":[],"class_list":["post-20730","post","type-post","status-publish","format-standard","has-post-thumbnail","hentry","category-noticias-generales"],"lang":"es","translations":{"es":20730},"pll_sync_post":[],"post_mailing_queue_ids":[],"_links":{"self":[{"href":"http:\/\/staging.ibermusicas.org\/index.php\/wp-json\/wp\/v2\/posts\/20730","targetHints":{"allow":["GET"]}}],"collection":[{"href":"http:\/\/staging.ibermusicas.org\/index.php\/wp-json\/wp\/v2\/posts"}],"about":[{"href":"http:\/\/staging.ibermusicas.org\/index.php\/wp-json\/wp\/v2\/types\/post"}],"author":[{"embeddable":true,"href":"http:\/\/staging.ibermusicas.org\/index.php\/wp-json\/wp\/v2\/users\/7"}],"replies":[{"embeddable":true,"href":"http:\/\/staging.ibermusicas.org\/index.php\/wp-json\/wp\/v2\/comments?post=20730"}],"version-history":[{"count":2,"href":"http:\/\/staging.ibermusicas.org\/index.php\/wp-json\/wp\/v2\/posts\/20730\/revisions"}],"predecessor-version":[{"id":20810,"href":"http:\/\/staging.ibermusicas.org\/index.php\/wp-json\/wp\/v2\/posts\/20730\/revisions\/20810"}],"wp:featuredmedia":[{"embeddable":true,"href":"http:\/\/staging.ibermusicas.org\/index.php\/wp-json\/wp\/v2\/media\/20731"}],"wp:attachment":[{"href":"http:\/\/staging.ibermusicas.org\/index.php\/wp-json\/wp\/v2\/media?parent=20730"}],"wp:term":[{"taxonomy":"category","embeddable":true,"href":"http:\/\/staging.ibermusicas.org\/index.php\/wp-json\/wp\/v2\/categories?post=20730"},{"taxonomy":"post_tag","embeddable":true,"href":"http:\/\/staging.ibermusicas.org\/index.php\/wp-json\/wp\/v2\/tags?post=20730"}],"curies":[{"name":"wp","href":"https:\/\/api.w.org\/{rel}","templated":true}]}}