{"id":20733,"date":"2024-11-29T11:03:39","date_gmt":"2024-11-29T11:03:39","guid":{"rendered":"http:\/\/staging.ibermusicas.org\/?p=20733"},"modified":"2025-03-27T17:57:50","modified_gmt":"2025-03-27T17:57:50","slug":"ibermusicas-anuncia-os-projetos-selecionados-da-convocatoria-ibermusicas-mid-atlantic-arts","status":"publish","type":"post","link":"http:\/\/staging.ibermusicas.org\/index.php\/ibermusicas-anuncia-os-projetos-selecionados-da-convocatoria-ibermusicas-mid-atlantic-arts\/","title":{"rendered":"Iberm\u00fasicas anuncia os projetos selecionados da convocat\u00f3ria Iberm\u00fasicas &#8211; Mid Atlantic Arts"},"content":{"rendered":"<p>Com o objetivo de fomentar o interc\u00e2mbio cultural e fortalecer o di\u00e1logo entre artistas musicais da Ibero-Am\u00e9rica e dos Estados Unidos, o Iberm\u00fasicas e o Mid Atlantic Arts anunciam os projetos vencedores da convocat\u00f3ria destinada a apoiar a circula\u00e7\u00e3o de artistas da Ibero-Am\u00e9rica nos Estados Unidos.<\/p>\n<p>Essa iniciativa tem como objetivo promover a diversidade musical e enriquecer o cen\u00e1rio cultural de ambas as regi\u00f5es. Os projetos selecionados receber\u00e3o apoio financeiro para facilitar sua presen\u00e7a nos Estados Unidos, apoiando artistas de todos os g\u00eaneros musicais, desde a m\u00fasica tradicional at\u00e9 as propostas mais inovadoras.<\/p>\n<p>Os projetos foram avaliados de acordo com crit\u00e9rios rigorosos, levando em conta seu potencial de contribuir para o desenvolvimento de novas linguagens musicais, a cria\u00e7\u00e3o de redes duradouras e a promo\u00e7\u00e3o da forma\u00e7\u00e3o de p\u00fablico em v\u00e1rias cidades da regi\u00e3o do Atl\u00e2ntico M\u00e9dio. Al\u00e9m disso, foi dada especial import\u00e2ncia \u00e0 inclus\u00e3o de atividades que se relacionam com as comunidades locais, como cursos, workshops, masterclasses, debates e mesas abertas, que permitem um interc\u00e2mbio direto com as comunidades ibero-americanas migrantes e locais.<\/p>\n<p>Os projetos vencedores refletem a diversidade cultural e a riqueza musical da Ibero-Am\u00e9rica e prometem gerar um impacto significativo no cen\u00e1rio musical dos EUA. Por meio dessas a\u00e7\u00f5es, o Iberm\u00fasicas e o Mid Atlantic Arts buscam n\u00e3o apenas apoiar o desenvolvimento art\u00edstico dos projetos selecionados, mas tamb\u00e9m fortalecer os la\u00e7os de colabora\u00e7\u00e3o e compreens\u00e3o entre as culturas de ambas as regi\u00f5es.<\/p>\n<p>Essa convoca\u00e7\u00e3o \u00e9 mais um passo no compromisso de ambas as organiza\u00e7\u00f5es de promover a m\u00fasica como uma ferramenta de transforma\u00e7\u00e3o social e cultural e de continuar promovendo o encontro entre artistas e comunidades em escala global.<\/p>\n<p><a href=\"https:\/\/seleccionados.staging.ibermusicas.org\/pt\" target=\"_blank\" rel=\"noopener\">Projetos selecionados<\/a><\/p>\n","protected":false},"excerpt":{"rendered":"<p>Com o objetivo de fomentar o interc\u00e2mbio cultural e fortalecer o di\u00e1logo entre artistas musicais da Ibero-Am\u00e9rica e dos Estados Unidos, o Iberm\u00fasicas e o Mid Atlantic Arts anunciam os projetos vencedores da convocat\u00f3ria destinada a apoiar a circula\u00e7\u00e3o de artistas da Ibero-Am\u00e9rica nos Estados Unidos. Essa iniciativa tem como objetivo promover a diversidade musical [&hellip;]<\/p>\n","protected":false},"author":7,"featured_media":20736,"comment_status":"closed","ping_status":"closed","sticky":false,"template":"","format":"standard","meta":{"footnotes":""},"categories":[218],"tags":[],"class_list":["post-20733","post","type-post","status-publish","format-standard","has-post-thumbnail","hentry","category-noticias-generales-pt"],"lang":"pt","translations":{"pt":20733},"pll_sync_post":[],"post_mailing_queue_ids":[],"_links":{"self":[{"href":"http:\/\/staging.ibermusicas.org\/index.php\/wp-json\/wp\/v2\/posts\/20733","targetHints":{"allow":["GET"]}}],"collection":[{"href":"http:\/\/staging.ibermusicas.org\/index.php\/wp-json\/wp\/v2\/posts"}],"about":[{"href":"http:\/\/staging.ibermusicas.org\/index.php\/wp-json\/wp\/v2\/types\/post"}],"author":[{"embeddable":true,"href":"http:\/\/staging.ibermusicas.org\/index.php\/wp-json\/wp\/v2\/users\/7"}],"replies":[{"embeddable":true,"href":"http:\/\/staging.ibermusicas.org\/index.php\/wp-json\/wp\/v2\/comments?post=20733"}],"version-history":[{"count":2,"href":"http:\/\/staging.ibermusicas.org\/index.php\/wp-json\/wp\/v2\/posts\/20733\/revisions"}],"predecessor-version":[{"id":20816,"href":"http:\/\/staging.ibermusicas.org\/index.php\/wp-json\/wp\/v2\/posts\/20733\/revisions\/20816"}],"wp:featuredmedia":[{"embeddable":true,"href":"http:\/\/staging.ibermusicas.org\/index.php\/wp-json\/wp\/v2\/media\/20736"}],"wp:attachment":[{"href":"http:\/\/staging.ibermusicas.org\/index.php\/wp-json\/wp\/v2\/media?parent=20733"}],"wp:term":[{"taxonomy":"category","embeddable":true,"href":"http:\/\/staging.ibermusicas.org\/index.php\/wp-json\/wp\/v2\/categories?post=20733"},{"taxonomy":"post_tag","embeddable":true,"href":"http:\/\/staging.ibermusicas.org\/index.php\/wp-json\/wp\/v2\/tags?post=20733"}],"curies":[{"name":"wp","href":"https:\/\/api.w.org\/{rel}","templated":true}]}}