{"id":20739,"date":"2024-11-29T11:02:48","date_gmt":"2024-11-29T11:02:48","guid":{"rendered":"http:\/\/staging.ibermusicas.org\/?p=20739"},"modified":"2025-03-27T17:52:00","modified_gmt":"2025-03-27T17:52:00","slug":"ibermusicas-anuncia-los-nombres-de-los-proyectos-seleccionados-de-la-convocatoria-viajes-por-la-musica-en-lengua-portuguesa","status":"publish","type":"post","link":"http:\/\/staging.ibermusicas.org\/index.php\/ibermusicas-anuncia-los-nombres-de-los-proyectos-seleccionados-de-la-convocatoria-viajes-por-la-musica-en-lengua-portuguesa\/","title":{"rendered":"Iberm\u00fasicas anuncia los nombres de los proyectos seleccionados de la convocatoria \u201cViajes por la m\u00fasica en lengua portuguesa\u201d"},"content":{"rendered":"<p>M\u00fasica, cultura, lengua y cooperaci\u00f3n son conceptos que nos unen profundamente. El Programa Iberm\u00fasicas, a trav\u00e9s del Proyecto Especial conjunto entre la DGARtes (Direcci\u00f3n General de las Artes) del Ministerio de Cultura de Portugal, FUNARTE (Fundaci\u00f3n Nacional de las Artes) de Brasil y la CPLP (Comunidad de Pa\u00edses de Lengua Portuguesa), propuso por primera vez esta convocatoria con el objetivo de resaltar los lazos de uni\u00f3n que surgen de la diversidad musical de los pa\u00edses de lengua portuguesa.<\/p>\n<p>Dentro del marco del convenio de colaboraci\u00f3n firmado entre la CPLP y el Programa Iberm\u00fasicas el 21 de mayo de 2024 en el Pal\u00e1cio do Conde de Penafiel de Lisboa, el objetivo de esta propuesta es tender puentes de cultura y cooperaci\u00f3n entre Am\u00e9rica Latina, Europa, \u00c1frica y el Sudeste Asi\u00e1tico, d\u00e1ndole un car\u00e1cter multilateral y pluricontinental que acerque y, al mismo tiempo, fusione las fronteras y distancias f\u00edsicas entre los pa\u00edses de la CPLP e Iberoam\u00e9rica.<\/p>\n<p>La convocatoria estuvo abierta a artistas musicales, investigadores, compositores y otros agentes culturales vinculados a la m\u00fasica de Angola, Cabo Verde, Guinea-Bissau, Guinea Ecuatorial, Mozambique, Santo Tom\u00e9 y Pr\u00edncipe y Timor Oriental para su participaci\u00f3n con propuestas de cooperaci\u00f3n cultural.<\/p>\n<p>El jurado estuvo integrado por personal de la DGArtes de Portugal, la FUNARTE de Brasil y la Comunidad de los Pa\u00edses de Lengua Portuguesa (CPLP).<\/p>\n<p>Han sido seleccionados en esta primera convocatoria de Viajes por la m\u00fasica en lengua portuguesa, convocatoria 2024, los siguientes\u00a0<a href=\"https:\/\/seleccionados.staging.ibermusicas.org\/\" target=\"_blank\" rel=\"noopener\">proyectos.<\/a><\/p>\n","protected":false},"excerpt":{"rendered":"<p>M\u00fasica, cultura, lengua y cooperaci\u00f3n son conceptos que nos unen profundamente. El Programa Iberm\u00fasicas, a trav\u00e9s del Proyecto Especial conjunto entre la DGARtes (Direcci\u00f3n General de las Artes) del Ministerio de Cultura de Portugal, FUNARTE (Fundaci\u00f3n Nacional de las Artes) de Brasil y la CPLP (Comunidad de Pa\u00edses de Lengua Portuguesa), propuso por primera vez [&hellip;]<\/p>\n","protected":false},"author":7,"featured_media":21317,"comment_status":"closed","ping_status":"closed","sticky":false,"template":"","format":"standard","meta":{"footnotes":""},"categories":[53],"tags":[],"class_list":["post-20739","post","type-post","status-publish","format-standard","has-post-thumbnail","hentry","category-noticias-generales"],"lang":"es","translations":{"es":20739},"pll_sync_post":[],"post_mailing_queue_ids":[],"_links":{"self":[{"href":"http:\/\/staging.ibermusicas.org\/index.php\/wp-json\/wp\/v2\/posts\/20739","targetHints":{"allow":["GET"]}}],"collection":[{"href":"http:\/\/staging.ibermusicas.org\/index.php\/wp-json\/wp\/v2\/posts"}],"about":[{"href":"http:\/\/staging.ibermusicas.org\/index.php\/wp-json\/wp\/v2\/types\/post"}],"author":[{"embeddable":true,"href":"http:\/\/staging.ibermusicas.org\/index.php\/wp-json\/wp\/v2\/users\/7"}],"replies":[{"embeddable":true,"href":"http:\/\/staging.ibermusicas.org\/index.php\/wp-json\/wp\/v2\/comments?post=20739"}],"version-history":[{"count":2,"href":"http:\/\/staging.ibermusicas.org\/index.php\/wp-json\/wp\/v2\/posts\/20739\/revisions"}],"predecessor-version":[{"id":20809,"href":"http:\/\/staging.ibermusicas.org\/index.php\/wp-json\/wp\/v2\/posts\/20739\/revisions\/20809"}],"wp:featuredmedia":[{"embeddable":true,"href":"http:\/\/staging.ibermusicas.org\/index.php\/wp-json\/wp\/v2\/media\/21317"}],"wp:attachment":[{"href":"http:\/\/staging.ibermusicas.org\/index.php\/wp-json\/wp\/v2\/media?parent=20739"}],"wp:term":[{"taxonomy":"category","embeddable":true,"href":"http:\/\/staging.ibermusicas.org\/index.php\/wp-json\/wp\/v2\/categories?post=20739"},{"taxonomy":"post_tag","embeddable":true,"href":"http:\/\/staging.ibermusicas.org\/index.php\/wp-json\/wp\/v2\/tags?post=20739"}],"curies":[{"name":"wp","href":"https:\/\/api.w.org\/{rel}","templated":true}]}}