{"id":20741,"date":"2024-11-29T11:03:31","date_gmt":"2024-11-29T11:03:31","guid":{"rendered":"http:\/\/staging.ibermusicas.org\/?p=20741"},"modified":"2025-03-27T17:57:56","modified_gmt":"2025-03-27T17:57:56","slug":"o-programa-ibermusicas-anuncia-os-nomes-dos-projetos-selecionados-da-convocatoria-viagens-pela-musica-em-lingua-portuguesa","status":"publish","type":"post","link":"http:\/\/staging.ibermusicas.org\/index.php\/o-programa-ibermusicas-anuncia-os-nomes-dos-projetos-selecionados-da-convocatoria-viagens-pela-musica-em-lingua-portuguesa\/","title":{"rendered":"O Programa Iberm\u00fasicas anuncia os nomes dos projetos selecionados da convocat\u00f3ria \u201cViagens pela m\u00fasica em l\u00edngua portuguesa\u201d"},"content":{"rendered":"<p>M\u00fasica, cultura, l\u00edngua e coopera\u00e7\u00e3o s\u00e3o conceitos que nos unem profundamente. O Programa Iberm\u00fasicas, por meio do Projeto Especial conjunto entre a DGARtes (Dire\u00e7\u00e3o Geral das Artes) do Minist\u00e9rio da Cultura de Portugal, a FUNARTE (Funda\u00e7\u00e3o Nacional de Artes) do Brasil e a CPLP (Comunidade de Pa\u00edses de L\u00edngua Portuguesa), propuseram pela primeira vez esta chamada com o objetivo de destacar os la\u00e7os de uni\u00e3o que emergem da diversidade musical dos pa\u00edses de l\u00edngua oficial portuguesa.<\/p>\n<p>No marco do conv\u00eanio de colabora\u00e7\u00e3o assinado entre a CPLP e o Programa Iberm\u00fasicas em 21 de maio do 2024, no Pal\u00e1cio do Conde de Penafiel, em Lisboa, o objetivo desta proposta \u00e9 construir pontes de cultura e coopera\u00e7\u00e3o entre a Am\u00e9rica Latina, a Europa, a \u00c1frica e o Sudeste Asi\u00e1tico, conferindo-lhe um car\u00e1ter multilateral e pluricontinental que aproxime e, ao mesmo tempo, funda as fronteiras e as dist\u00e2ncias f\u00edsicas entre os pa\u00edses da CPLP e da Ibero-am\u00e9rica.<\/p>\n<p>Artistas musicais, pesquisadores, compositores e outros agentes culturais ligados \u00e0 m\u00fasica de Angola, Cabo Verde, Guin\u00e9-Bissau, Guin\u00e9 Equatorial, Mo\u00e7ambique, S\u00e3o Tom\u00e9 e Pr\u00edncipe e Timor-Leste foram convidados a participar com propostas de coopera\u00e7\u00e3o cultural.<\/p>\n<p>O j\u00fari foi composto por elementos da DGArtes de Portugal, da FUNARTE do Brasil e da Comunidade dos Pa\u00edses de L\u00edngua Portuguesa (CPLP).<\/p>\n<p>Foram selecionados desta primeira edi\u00e7\u00e3o de \u00abViagens pela M\u00fasica em L\u00edngua Portuguesa\u00bb, chamada 2024, os seguintes\u00a0<a href=\"https:\/\/seleccionados.staging.ibermusicas.org\/pt\" target=\"_blank\" rel=\"noopener\">projectos.<\/a><\/p>\n","protected":false},"excerpt":{"rendered":"<p>M\u00fasica, cultura, l\u00edngua e coopera\u00e7\u00e3o s\u00e3o conceitos que nos unem profundamente. O Programa Iberm\u00fasicas, por meio do Projeto Especial conjunto entre a DGARtes (Dire\u00e7\u00e3o Geral das Artes) do Minist\u00e9rio da Cultura de Portugal, a FUNARTE (Funda\u00e7\u00e3o Nacional de Artes) do Brasil e a CPLP (Comunidade de Pa\u00edses de L\u00edngua Portuguesa), propuseram pela primeira vez esta [&hellip;]<\/p>\n","protected":false},"author":7,"featured_media":20339,"comment_status":"closed","ping_status":"closed","sticky":false,"template":"","format":"standard","meta":{"footnotes":""},"categories":[218],"tags":[],"class_list":["post-20741","post","type-post","status-publish","format-standard","has-post-thumbnail","hentry","category-noticias-generales-pt"],"lang":"pt","translations":{"pt":20741},"pll_sync_post":[],"post_mailing_queue_ids":[],"_links":{"self":[{"href":"http:\/\/staging.ibermusicas.org\/index.php\/wp-json\/wp\/v2\/posts\/20741","targetHints":{"allow":["GET"]}}],"collection":[{"href":"http:\/\/staging.ibermusicas.org\/index.php\/wp-json\/wp\/v2\/posts"}],"about":[{"href":"http:\/\/staging.ibermusicas.org\/index.php\/wp-json\/wp\/v2\/types\/post"}],"author":[{"embeddable":true,"href":"http:\/\/staging.ibermusicas.org\/index.php\/wp-json\/wp\/v2\/users\/7"}],"replies":[{"embeddable":true,"href":"http:\/\/staging.ibermusicas.org\/index.php\/wp-json\/wp\/v2\/comments?post=20741"}],"version-history":[{"count":2,"href":"http:\/\/staging.ibermusicas.org\/index.php\/wp-json\/wp\/v2\/posts\/20741\/revisions"}],"predecessor-version":[{"id":20815,"href":"http:\/\/staging.ibermusicas.org\/index.php\/wp-json\/wp\/v2\/posts\/20741\/revisions\/20815"}],"wp:featuredmedia":[{"embeddable":true,"href":"http:\/\/staging.ibermusicas.org\/index.php\/wp-json\/wp\/v2\/media\/20339"}],"wp:attachment":[{"href":"http:\/\/staging.ibermusicas.org\/index.php\/wp-json\/wp\/v2\/media?parent=20741"}],"wp:term":[{"taxonomy":"category","embeddable":true,"href":"http:\/\/staging.ibermusicas.org\/index.php\/wp-json\/wp\/v2\/categories?post=20741"},{"taxonomy":"post_tag","embeddable":true,"href":"http:\/\/staging.ibermusicas.org\/index.php\/wp-json\/wp\/v2\/tags?post=20741"}],"curies":[{"name":"wp","href":"https:\/\/api.w.org\/{rel}","templated":true}]}}