{"id":20743,"date":"2024-11-29T11:02:32","date_gmt":"2024-11-29T11:02:32","guid":{"rendered":"http:\/\/staging.ibermusicas.org\/?p=20743"},"modified":"2025-03-27T17:52:18","modified_gmt":"2025-03-27T17:52:18","slug":"ibermusicas-anuncia-las-obras-ganadoras-de-su-concurso-de-creacion-de-obra-coral","status":"publish","type":"post","link":"http:\/\/staging.ibermusicas.org\/index.php\/ibermusicas-anuncia-las-obras-ganadoras-de-su-concurso-de-creacion-de-obra-coral\/","title":{"rendered":"Iberm\u00fasicas anuncia las Obras Ganadoras de su Concurso de Creaci\u00f3n de Obra Coral"},"content":{"rendered":"<p>Iberm\u00fasicas se complace en anunciar las obras ganadoras de su concurso de creaci\u00f3n de obra acad\u00e9mica, en esta edici\u00f3n dedicada exclusivamente a la creaci\u00f3n de nuevas composiciones corales. Tras una rigurosa deliberaci\u00f3n, un jurado de renombradas personalidades internacionales de la m\u00fasica coral, compuesto por Mariana Rosas (Argentina), Diana Cifuentes (Colombia), Electra Castillo (Panam\u00e1) y Angel Rengifo Mendoza (Venezuela), seleccion\u00f3 las obras ganadoras, representando a siete pa\u00edses miembros del Programa Iberm\u00fasicas.<\/p>\n<p>Este concurso, que promueve la creaci\u00f3n musical con absoluta libertad creativa, ha incentivado la participaci\u00f3n de compositores de toda la regi\u00f3n, fortaleciendo los lazos culturales a trav\u00e9s de la m\u00fasica coral. Las obras premiadas ser\u00e1n estrenadas en la temporada 2025 por dos prestigiosos coros: el Coro Nacional de Cuba y el Coro Vicente Emilio Sojo, parte de la Fundaci\u00f3n Compa\u00f1\u00eda Nacional de M\u00fasica de Venezuela.<\/p>\n<p>La premiaci\u00f3n es un homenaje a la creatividad y el talento musical de Iberoam\u00e9rica, y las composiciones ganadoras se convertir\u00e1n en un importante aporte al repertorio coral contempor\u00e1neo de la regi\u00f3n.<\/p>\n<p>Puedes descubrir las obras premiadas\u00a0<a href=\"https:\/\/seleccionados.staging.ibermusicas.org\/\" target=\"_blank\" rel=\"noopener\">aqu\u00ed.<\/a><\/p>\n","protected":false},"excerpt":{"rendered":"<p>Iberm\u00fasicas se complace en anunciar las obras ganadoras de su concurso de creaci\u00f3n de obra acad\u00e9mica, en esta edici\u00f3n dedicada exclusivamente a la creaci\u00f3n de nuevas composiciones corales. Tras una rigurosa deliberaci\u00f3n, un jurado de renombradas personalidades internacionales de la m\u00fasica coral, compuesto por Mariana Rosas (Argentina), Diana Cifuentes (Colombia), Electra Castillo (Panam\u00e1) y Angel [&hellip;]<\/p>\n","protected":false},"author":7,"featured_media":20798,"comment_status":"closed","ping_status":"closed","sticky":false,"template":"","format":"standard","meta":{"footnotes":""},"categories":[53],"tags":[],"class_list":["post-20743","post","type-post","status-publish","format-standard","has-post-thumbnail","hentry","category-noticias-generales"],"lang":"es","translations":{"es":20743},"pll_sync_post":[],"post_mailing_queue_ids":[],"_links":{"self":[{"href":"http:\/\/staging.ibermusicas.org\/index.php\/wp-json\/wp\/v2\/posts\/20743","targetHints":{"allow":["GET"]}}],"collection":[{"href":"http:\/\/staging.ibermusicas.org\/index.php\/wp-json\/wp\/v2\/posts"}],"about":[{"href":"http:\/\/staging.ibermusicas.org\/index.php\/wp-json\/wp\/v2\/types\/post"}],"author":[{"embeddable":true,"href":"http:\/\/staging.ibermusicas.org\/index.php\/wp-json\/wp\/v2\/users\/7"}],"replies":[{"embeddable":true,"href":"http:\/\/staging.ibermusicas.org\/index.php\/wp-json\/wp\/v2\/comments?post=20743"}],"version-history":[{"count":2,"href":"http:\/\/staging.ibermusicas.org\/index.php\/wp-json\/wp\/v2\/posts\/20743\/revisions"}],"predecessor-version":[{"id":20827,"href":"http:\/\/staging.ibermusicas.org\/index.php\/wp-json\/wp\/v2\/posts\/20743\/revisions\/20827"}],"wp:featuredmedia":[{"embeddable":true,"href":"http:\/\/staging.ibermusicas.org\/index.php\/wp-json\/wp\/v2\/media\/20798"}],"wp:attachment":[{"href":"http:\/\/staging.ibermusicas.org\/index.php\/wp-json\/wp\/v2\/media?parent=20743"}],"wp:term":[{"taxonomy":"category","embeddable":true,"href":"http:\/\/staging.ibermusicas.org\/index.php\/wp-json\/wp\/v2\/categories?post=20743"},{"taxonomy":"post_tag","embeddable":true,"href":"http:\/\/staging.ibermusicas.org\/index.php\/wp-json\/wp\/v2\/tags?post=20743"}],"curies":[{"name":"wp","href":"https:\/\/api.w.org\/{rel}","templated":true}]}}