{"id":20745,"date":"2024-11-29T11:04:21","date_gmt":"2024-11-29T11:04:21","guid":{"rendered":"http:\/\/staging.ibermusicas.org\/?p=20745"},"modified":"2024-12-27T18:58:54","modified_gmt":"2024-12-27T18:58:54","slug":"ibermusicas-anuncia-as-obras-vencedoras-do-seu-concurso-de-criacao-de-obras-corais","status":"publish","type":"post","link":"http:\/\/staging.ibermusicas.org\/index.php\/ibermusicas-anuncia-as-obras-vencedoras-do-seu-concurso-de-criacao-de-obras-corais\/","title":{"rendered":"Iberm\u00fasicas anuncia as obras vencedoras do seu Concurso de Cria\u00e7\u00e3o de Obras Corais"},"content":{"rendered":"<p>O Programa Iberm\u00fasicas tem o prazer de anunciar as obras vencedoras do seu concurso para a cria\u00e7\u00e3o de obras acad\u00e9micas, nesta edi\u00e7\u00e3o dedicada exclusivamente \u00e0 cria\u00e7\u00e3o de novas composi\u00e7\u00f5es corais. Ap\u00f3s uma rigorosa delibera\u00e7\u00e3o, um j\u00fari de personalidades de renome internacional da m\u00fasica coral, composto por Mariana Rosas (Argentina), Diana Cifuentes (Col\u00f4mbia), Electra Castillo (Panam\u00e1) e Angel Rengifo Mendoza (Venezuela), selecionou as obras vencedoras, em representa\u00e7\u00e3o de sete pa\u00edses membros do Programa Iberm\u00fasicas.<\/p>\n<p>Este concurso, que promove a cria\u00e7\u00e3o musical com absoluta liberdade criativa, incentivou a participa\u00e7\u00e3o de compositores de toda a regi\u00e3o, fortalecendo os la\u00e7os culturais atrav\u00e9s da m\u00fasica coral. As obras vencedoras ser\u00e3o estreadas na temporada 2025 por dois prestigiados coros: o Coro Nacional de Cuba e o Coro Vicente Emilio Sojo, da Fundaci\u00f3n Compa\u00f1\u00eda Nacional de M\u00fasica de Venezuela.<\/p>\n<p>O pr\u00e9mio \u00e9 um tributo \u00e0 criatividade e ao talento musical da Ibero-Am\u00e9rica, e as composi\u00e7\u00f5es vencedoras tornar-se-\u00e3o um importante contributo para o repert\u00f3rio coral contempor\u00e2neo da regi\u00e3o.<\/p>\n<p>Podes descobrir as obras vencedoras\u00a0<a href=\"https:\/\/seleccionados.staging.ibermusicas.org\/pt\" target=\"_blank\" rel=\"noopener\">aqui.<\/a><\/p>\n","protected":false},"excerpt":{"rendered":"<p>O Programa Iberm\u00fasicas tem o prazer de anunciar as obras vencedoras do seu concurso para a cria\u00e7\u00e3o de obras acad\u00e9micas, nesta edi\u00e7\u00e3o dedicada exclusivamente \u00e0 cria\u00e7\u00e3o de novas composi\u00e7\u00f5es corais. Ap\u00f3s uma rigorosa delibera\u00e7\u00e3o, um j\u00fari de personalidades de renome internacional da m\u00fasica coral, composto por Mariana Rosas (Argentina), Diana Cifuentes (Col\u00f4mbia), Electra Castillo (Panam\u00e1) [&hellip;]<\/p>\n","protected":false},"author":7,"featured_media":20797,"comment_status":"closed","ping_status":"closed","sticky":false,"template":"","format":"standard","meta":{"footnotes":""},"categories":[218],"tags":[],"class_list":["post-20745","post","type-post","status-publish","format-standard","has-post-thumbnail","hentry","category-noticias-generales-pt"],"lang":"pt","translations":{"pt":20745},"pll_sync_post":[],"post_mailing_queue_ids":[],"_links":{"self":[{"href":"http:\/\/staging.ibermusicas.org\/index.php\/wp-json\/wp\/v2\/posts\/20745","targetHints":{"allow":["GET"]}}],"collection":[{"href":"http:\/\/staging.ibermusicas.org\/index.php\/wp-json\/wp\/v2\/posts"}],"about":[{"href":"http:\/\/staging.ibermusicas.org\/index.php\/wp-json\/wp\/v2\/types\/post"}],"author":[{"embeddable":true,"href":"http:\/\/staging.ibermusicas.org\/index.php\/wp-json\/wp\/v2\/users\/7"}],"replies":[{"embeddable":true,"href":"http:\/\/staging.ibermusicas.org\/index.php\/wp-json\/wp\/v2\/comments?post=20745"}],"version-history":[{"count":2,"href":"http:\/\/staging.ibermusicas.org\/index.php\/wp-json\/wp\/v2\/posts\/20745\/revisions"}],"predecessor-version":[{"id":20820,"href":"http:\/\/staging.ibermusicas.org\/index.php\/wp-json\/wp\/v2\/posts\/20745\/revisions\/20820"}],"wp:featuredmedia":[{"embeddable":true,"href":"http:\/\/staging.ibermusicas.org\/index.php\/wp-json\/wp\/v2\/media\/20797"}],"wp:attachment":[{"href":"http:\/\/staging.ibermusicas.org\/index.php\/wp-json\/wp\/v2\/media?parent=20745"}],"wp:term":[{"taxonomy":"category","embeddable":true,"href":"http:\/\/staging.ibermusicas.org\/index.php\/wp-json\/wp\/v2\/categories?post=20745"},{"taxonomy":"post_tag","embeddable":true,"href":"http:\/\/staging.ibermusicas.org\/index.php\/wp-json\/wp\/v2\/tags?post=20745"}],"curies":[{"name":"wp","href":"https:\/\/api.w.org\/{rel}","templated":true}]}}