{"id":20747,"date":"2024-11-29T11:03:15","date_gmt":"2024-11-29T11:03:15","guid":{"rendered":"http:\/\/staging.ibermusicas.org\/?p=20747"},"modified":"2025-03-27T17:52:44","modified_gmt":"2025-03-27T17:52:44","slug":"ibermusicas-anuncia-los-nombres-de-las-ganadoras-y-los-ganadores-del-premio-ibermusicas-de-cancion-para-las-infancias-2024","status":"publish","type":"post","link":"http:\/\/staging.ibermusicas.org\/index.php\/ibermusicas-anuncia-los-nombres-de-las-ganadoras-y-los-ganadores-del-premio-ibermusicas-de-cancion-para-las-infancias-2024\/","title":{"rendered":"Iberm\u00fasicas anuncia los nombres de las ganadoras y los ganadores del Premio Iberm\u00fasicas de canci\u00f3n para las infancias 2024"},"content":{"rendered":"<p>Iberm\u00fasicas celebra la creatividad y la cooperaci\u00f3n con el anuncio de los proyectos ganadores de la nueva edici\u00f3n del Concurso de Creaci\u00f3n de Canci\u00f3n en Colaboraci\u00f3n, que este a\u00f1o se orient\u00f3 hacia la creaci\u00f3n de canciones para las infancias, entendiendo esta etapa como el tiempo del descubrimiento, del deslumbre, de la sorpresa y la maravilla del mundo.<\/p>\n<p>Con el objetivo de fortalecer los lazos culturales y musicales, este concurso foment\u00f3 el trabajo conjunto entre artistas de diferentes pa\u00edses de la regi\u00f3n. Adem\u00e1s, el concurso invit\u00f3 a las y los participantes a explorar las lenguas nativas, promoviendo la diversidad ling\u00fc\u00edstica de nuestros territorios en las infancias.<\/p>\n<p>Los proyectos ganadores destacan por su originalidad, la riqueza cultural de sus propuestas y su capacidad para conectar con las infancias. A trav\u00e9s de sus composiciones, las y los artistas han contribuido a enriquecer el repertorio de la m\u00fasica para ni\u00f1os en Iberoam\u00e9rica, celebrando la diversidad y el poder de la m\u00fasica como herramienta de aprendizaje y expresi\u00f3n.<\/p>\n<p>Puedes descubrir los proyectos premiados\u00a0<a href=\"https:\/\/seleccionados.staging.ibermusicas.org\/\" target=\"_blank\" rel=\"noopener\">aqu\u00ed.<\/a><\/p>\n","protected":false},"excerpt":{"rendered":"<p>Iberm\u00fasicas celebra la creatividad y la cooperaci\u00f3n con el anuncio de los proyectos ganadores de la nueva edici\u00f3n del Concurso de Creaci\u00f3n de Canci\u00f3n en Colaboraci\u00f3n, que este a\u00f1o se orient\u00f3 hacia la creaci\u00f3n de canciones para las infancias, entendiendo esta etapa como el tiempo del descubrimiento, del deslumbre, de la sorpresa y la maravilla [&hellip;]<\/p>\n","protected":false},"author":7,"featured_media":20796,"comment_status":"closed","ping_status":"closed","sticky":false,"template":"","format":"standard","meta":{"footnotes":""},"categories":[53],"tags":[],"class_list":["post-20747","post","type-post","status-publish","format-standard","has-post-thumbnail","hentry","category-noticias-generales"],"lang":"es","translations":{"es":20747},"pll_sync_post":[],"post_mailing_queue_ids":[],"_links":{"self":[{"href":"http:\/\/staging.ibermusicas.org\/index.php\/wp-json\/wp\/v2\/posts\/20747","targetHints":{"allow":["GET"]}}],"collection":[{"href":"http:\/\/staging.ibermusicas.org\/index.php\/wp-json\/wp\/v2\/posts"}],"about":[{"href":"http:\/\/staging.ibermusicas.org\/index.php\/wp-json\/wp\/v2\/types\/post"}],"author":[{"embeddable":true,"href":"http:\/\/staging.ibermusicas.org\/index.php\/wp-json\/wp\/v2\/users\/7"}],"replies":[{"embeddable":true,"href":"http:\/\/staging.ibermusicas.org\/index.php\/wp-json\/wp\/v2\/comments?post=20747"}],"version-history":[{"count":2,"href":"http:\/\/staging.ibermusicas.org\/index.php\/wp-json\/wp\/v2\/posts\/20747\/revisions"}],"predecessor-version":[{"id":20813,"href":"http:\/\/staging.ibermusicas.org\/index.php\/wp-json\/wp\/v2\/posts\/20747\/revisions\/20813"}],"wp:featuredmedia":[{"embeddable":true,"href":"http:\/\/staging.ibermusicas.org\/index.php\/wp-json\/wp\/v2\/media\/20796"}],"wp:attachment":[{"href":"http:\/\/staging.ibermusicas.org\/index.php\/wp-json\/wp\/v2\/media?parent=20747"}],"wp:term":[{"taxonomy":"category","embeddable":true,"href":"http:\/\/staging.ibermusicas.org\/index.php\/wp-json\/wp\/v2\/categories?post=20747"},{"taxonomy":"post_tag","embeddable":true,"href":"http:\/\/staging.ibermusicas.org\/index.php\/wp-json\/wp\/v2\/tags?post=20747"}],"curies":[{"name":"wp","href":"https:\/\/api.w.org\/{rel}","templated":true}]}}