{"id":20749,"date":"2024-11-29T11:04:12","date_gmt":"2024-11-29T11:04:12","guid":{"rendered":"http:\/\/staging.ibermusicas.org\/?p=20749"},"modified":"2025-03-27T17:57:25","modified_gmt":"2025-03-27T17:57:25","slug":"ibermusicas-anuncia-os-nomes-dos-vencedores-do-premio-ibermusicas-de-cancoes-para-criancas-2024","status":"publish","type":"post","link":"http:\/\/staging.ibermusicas.org\/index.php\/ibermusicas-anuncia-os-nomes-dos-vencedores-do-premio-ibermusicas-de-cancoes-para-criancas-2024\/","title":{"rendered":"Iberm\u00fasicas anuncia os nomes dos vencedores do Pr\u00eamio Iberm\u00fasicas de Can\u00e7\u00f5es para Crian\u00e7as 2024"},"content":{"rendered":"<p>O Programa Iberm\u00fasicas celebra a criatividade e a coopera\u00e7\u00e3o com o an\u00fancio dos projectos vencedores da nova edi\u00e7\u00e3o do Concurso de Cria\u00e7\u00e3o de Can\u00e7\u00f5es em Colabora\u00e7\u00e3o, que este ano foi orientado para a cria\u00e7\u00e3o de can\u00e7\u00f5es para crian\u00e7as, entendendo esta etapa como o tempo da descoberta, do deslumbramento, da surpresa e da maravilha do mundo.<\/p>\n<p>Com o objetivo de refor\u00e7ar os la\u00e7os culturais e musicais, este concurso incentivou o trabalho conjunto entre artistas de diferentes pa\u00edses da regi\u00e3o. Al\u00e9m disso, o concurso convidou os participantes a explorar as l\u00ednguas nativas, promovendo a diversidade lingu\u00edstica dos nossos territ\u00f3rios na inf\u00e2ncia.<\/p>\n<p>Os projectos vencedores destacam-se pela sua originalidade, pela riqueza cultural das suas propostas e pela sua capacidade de se relacionarem com as crian\u00e7as. Atrav\u00e9s das suas composi\u00e7\u00f5es, os artistas contribu\u00edram para enriquecer o repert\u00f3rio de m\u00fasica para crian\u00e7as na Ibero-Am\u00e9rica, celebrando a diversidade e o poder da m\u00fasica como ferramenta de aprendizagem e express\u00e3o.<\/p>\n<p>Podes descobrir os projectos vencedores\u00a0<a href=\"https:\/\/seleccionados.staging.ibermusicas.org\/pt\" target=\"_blank\" rel=\"noopener\">aqui<\/a>.<\/p>\n","protected":false},"excerpt":{"rendered":"<p>O Programa Iberm\u00fasicas celebra a criatividade e a coopera\u00e7\u00e3o com o an\u00fancio dos projectos vencedores da nova edi\u00e7\u00e3o do Concurso de Cria\u00e7\u00e3o de Can\u00e7\u00f5es em Colabora\u00e7\u00e3o, que este ano foi orientado para a cria\u00e7\u00e3o de can\u00e7\u00f5es para crian\u00e7as, entendendo esta etapa como o tempo da descoberta, do deslumbramento, da surpresa e da maravilha do mundo. [&hellip;]<\/p>\n","protected":false},"author":7,"featured_media":20795,"comment_status":"closed","ping_status":"closed","sticky":false,"template":"","format":"standard","meta":{"footnotes":""},"categories":[218],"tags":[],"class_list":["post-20749","post","type-post","status-publish","format-standard","has-post-thumbnail","hentry","category-noticias-generales-pt"],"lang":"pt","translations":{"pt":20749},"pll_sync_post":[],"post_mailing_queue_ids":[],"_links":{"self":[{"href":"http:\/\/staging.ibermusicas.org\/index.php\/wp-json\/wp\/v2\/posts\/20749","targetHints":{"allow":["GET"]}}],"collection":[{"href":"http:\/\/staging.ibermusicas.org\/index.php\/wp-json\/wp\/v2\/posts"}],"about":[{"href":"http:\/\/staging.ibermusicas.org\/index.php\/wp-json\/wp\/v2\/types\/post"}],"author":[{"embeddable":true,"href":"http:\/\/staging.ibermusicas.org\/index.php\/wp-json\/wp\/v2\/users\/7"}],"replies":[{"embeddable":true,"href":"http:\/\/staging.ibermusicas.org\/index.php\/wp-json\/wp\/v2\/comments?post=20749"}],"version-history":[{"count":2,"href":"http:\/\/staging.ibermusicas.org\/index.php\/wp-json\/wp\/v2\/posts\/20749\/revisions"}],"predecessor-version":[{"id":20819,"href":"http:\/\/staging.ibermusicas.org\/index.php\/wp-json\/wp\/v2\/posts\/20749\/revisions\/20819"}],"wp:featuredmedia":[{"embeddable":true,"href":"http:\/\/staging.ibermusicas.org\/index.php\/wp-json\/wp\/v2\/media\/20795"}],"wp:attachment":[{"href":"http:\/\/staging.ibermusicas.org\/index.php\/wp-json\/wp\/v2\/media?parent=20749"}],"wp:term":[{"taxonomy":"category","embeddable":true,"href":"http:\/\/staging.ibermusicas.org\/index.php\/wp-json\/wp\/v2\/categories?post=20749"},{"taxonomy":"post_tag","embeddable":true,"href":"http:\/\/staging.ibermusicas.org\/index.php\/wp-json\/wp\/v2\/tags?post=20749"}],"curies":[{"name":"wp","href":"https:\/\/api.w.org\/{rel}","templated":true}]}}