{"id":20751,"date":"2024-11-29T11:03:07","date_gmt":"2024-11-29T11:03:07","guid":{"rendered":"http:\/\/staging.ibermusicas.org\/?p=20751"},"modified":"2025-03-27T17:52:38","modified_gmt":"2025-03-27T17:52:38","slug":"se-anuncian-los-proyectos-seleccionados-de-la-tercera-edicion-del-premio-especial-brasil-ibermusicas","status":"publish","type":"post","link":"http:\/\/staging.ibermusicas.org\/index.php\/se-anuncian-los-proyectos-seleccionados-de-la-tercera-edicion-del-premio-especial-brasil-ibermusicas\/","title":{"rendered":"Se anuncian los Proyectos seleccionados de la Tercera Edici\u00f3n del Premio Especial Brasil &#8211; Iberm\u00fasicas"},"content":{"rendered":"<p>Con el prop\u00f3sito de reconocer y valorar la dedicaci\u00f3n de iniciativas que promueven y difunden la m\u00fasica brasile\u00f1a en todo el mundo, se llev\u00f3 a cabo la tercera edici\u00f3n del Premio Especial Brasil \u2013 Iberm\u00fasicas, una distinci\u00f3n creada especialmente por Brasil.<\/p>\n<p>Este premio tiene como finalidad reconocer aquellos espacios y proyectos que, a lo largo de los a\u00f1os, han contribuido al fortalecimiento y difusi\u00f3n de la diversa tradici\u00f3n musical brasile\u00f1a. Festivales, muestras, ciclos de m\u00fasica, salas de conciertos, teatros, \u00abmusic venues\u00bb y centros culturales, as\u00ed como programas de radio, televisi\u00f3n, web TV, podcasts, revistas y peri\u00f3dicos dedicados a la difusi\u00f3n de la m\u00fasica brasile\u00f1a de forma regular, son los principales beneficiarios de esta premiaci\u00f3n.<\/p>\n<p>Los proyectos ganadores de este a\u00f1o reflejan el impacto global de la m\u00fasica brasile\u00f1a y el constante trabajo de aquellos que promueven el intercambio cultural y la visibilidad internacional de la m\u00fasica de Brasil.<\/p>\n<p>Puedes ver los proyectos premiados\u00a0<a href=\"https:\/\/seleccionados.staging.ibermusicas.org\/\" target=\"_blank\" rel=\"noopener\">aqu\u00ed<\/a><\/p>\n","protected":false},"excerpt":{"rendered":"<p>Con el prop\u00f3sito de reconocer y valorar la dedicaci\u00f3n de iniciativas que promueven y difunden la m\u00fasica brasile\u00f1a en todo el mundo, se llev\u00f3 a cabo la tercera edici\u00f3n del Premio Especial Brasil \u2013 Iberm\u00fasicas, una distinci\u00f3n creada especialmente por Brasil. Este premio tiene como finalidad reconocer aquellos espacios y proyectos que, a lo largo [&hellip;]<\/p>\n","protected":false},"author":7,"featured_media":20793,"comment_status":"closed","ping_status":"closed","sticky":false,"template":"","format":"standard","meta":{"footnotes":""},"categories":[53],"tags":[],"class_list":["post-20751","post","type-post","status-publish","format-standard","has-post-thumbnail","hentry","category-noticias-generales"],"lang":"es","translations":{"es":20751},"pll_sync_post":[],"post_mailing_queue_ids":[],"_links":{"self":[{"href":"http:\/\/staging.ibermusicas.org\/index.php\/wp-json\/wp\/v2\/posts\/20751","targetHints":{"allow":["GET"]}}],"collection":[{"href":"http:\/\/staging.ibermusicas.org\/index.php\/wp-json\/wp\/v2\/posts"}],"about":[{"href":"http:\/\/staging.ibermusicas.org\/index.php\/wp-json\/wp\/v2\/types\/post"}],"author":[{"embeddable":true,"href":"http:\/\/staging.ibermusicas.org\/index.php\/wp-json\/wp\/v2\/users\/7"}],"replies":[{"embeddable":true,"href":"http:\/\/staging.ibermusicas.org\/index.php\/wp-json\/wp\/v2\/comments?post=20751"}],"version-history":[{"count":2,"href":"http:\/\/staging.ibermusicas.org\/index.php\/wp-json\/wp\/v2\/posts\/20751\/revisions"}],"predecessor-version":[{"id":20812,"href":"http:\/\/staging.ibermusicas.org\/index.php\/wp-json\/wp\/v2\/posts\/20751\/revisions\/20812"}],"wp:featuredmedia":[{"embeddable":true,"href":"http:\/\/staging.ibermusicas.org\/index.php\/wp-json\/wp\/v2\/media\/20793"}],"wp:attachment":[{"href":"http:\/\/staging.ibermusicas.org\/index.php\/wp-json\/wp\/v2\/media?parent=20751"}],"wp:term":[{"taxonomy":"category","embeddable":true,"href":"http:\/\/staging.ibermusicas.org\/index.php\/wp-json\/wp\/v2\/categories?post=20751"},{"taxonomy":"post_tag","embeddable":true,"href":"http:\/\/staging.ibermusicas.org\/index.php\/wp-json\/wp\/v2\/tags?post=20751"}],"curies":[{"name":"wp","href":"https:\/\/api.w.org\/{rel}","templated":true}]}}